{"id":10,"date":"2008-10-02T10:04:12","date_gmt":"2008-10-02T08:04:12","guid":{"rendered":"http:\/\/www.blog.zanetti.ch\/?p=10"},"modified":"2008-10-22T23:46:09","modified_gmt":"2008-10-22T21:46:09","slug":"der-philosoph-und-die-juristerei","status":"publish","type":"post","link":"http:\/\/www.zanetti.ch\/?p=10","title":{"rendered":"Der Philosoph und die Juristerei"},"content":{"rendered":"<p>Wahrscheinlich hat Tages-Anzeiger-Redaktor Gieri Cavelty gar nicht gemerkt, welche Ungeheuerlichkeit er mit dem Titel \u201eKein Privileg f\u00fcr die SVP\u201c (TA vom 2.10.08) in die Welt setzt. Vielleicht ist er auch einfach zu jung oder hat als phil. I-er ganz einfach keine Ahnung von juristischen Zusammenh\u00e4ngen.<\/p>\n<p class=\"MsoNormal\" style=\"margin-bottom: 6pt\"><o:p>\u00a0<\/o:p><\/p>\n<p class=\"MsoNormal\" style=\"margin-bottom: 6pt\">Indem die SVP im Nationalrat das Gesuch um Aufhebung der Immunit\u00e4t von Toni Brunner ablehnte, reklamierte sie f\u00fcr sich keine Sonderbehandlung, wie Cavelty suggeriert. Bei der Immunit\u00e4t handelt es sich n\u00e4mlich um ein allen Parlamentariern zustehendes Privileg. Und dieses wurde nun der SVP abgesprochen. Das ist eine Diskriminierung, also eine Verletzung rechtsstaatlicher Prinzipien. Und genau das best\u00e4tigt Caveltys Titel \u2013 wenn auch ungewollt.<o:p><\/o:p><\/p>\n\n<div class=\"twitter-share\"><a href=\"https:\/\/twitter.com\/intent\/tweet?via=zac1967\" class=\"twitter-share-button\" data-size=\"large\">Twittern<\/a><\/div>\n","protected":false},"excerpt":{"rendered":"<p>Wahrscheinlich hat Tages-Anzeiger-Redaktor Gieri Cavelty gar nicht gemerkt, welche Ungeheuerlichkeit er mit dem Titel \u201eKein Privileg f\u00fcr die SVP\u201c (TA vom 2.10.08) in die Welt setzt. Vielleicht ist er auch einfach zu jung oder hat als phil. I-er ganz einfach keine Ahnung von juristischen Zusammenh\u00e4ngen. \u00a0 Indem die SVP im Nationalrat das Gesuch um Aufhebung &hellip; <a href=\"http:\/\/www.zanetti.ch\/?p=10\" class=\"more-link\"><span class=\"screen-reader-text\">Der Philosoph und die Juristerei<\/span> weiterlesen <span class=\"meta-nav\">&rarr;<\/span><\/a><\/p>\n","protected":false},"author":1,"featured_media":0,"comment_status":"open","ping_status":"open","sticky":false,"template":"","format":"standard","meta":{"_exactmetrics_skip_tracking":false,"_exactmetrics_sitenote_active":false,"_exactmetrics_sitenote_note":"","_exactmetrics_sitenote_category":0,"jetpack_post_was_ever_published":false,"_jetpack_newsletter_access":"","_jetpack_dont_email_post_to_subs":false,"_jetpack_newsletter_tier_id":0,"_jetpack_memberships_contains_paywalled_content":false,"_jetpack_memberships_contains_paid_content":false,"footnotes":"","jetpack_publicize_message":"","jetpack_publicize_feature_enabled":true,"jetpack_social_post_already_shared":false,"jetpack_social_options":{"image_generator_settings":{"template":"highway","default_image_id":0,"font":"","enabled":false},"version":2}},"categories":[7],"tags":[],"class_list":["post-10","post","type-post","status-publish","format-standard","hentry","category-medien"],"jetpack_publicize_connections":[],"jetpack_featured_media_url":"","jetpack_sharing_enabled":true,"jetpack_shortlink":"https:\/\/wp.me\/p6ORi5-a","_links":{"self":[{"href":"http:\/\/www.zanetti.ch\/index.php?rest_route=\/wp\/v2\/posts\/10","targetHints":{"allow":["GET"]}}],"collection":[{"href":"http:\/\/www.zanetti.ch\/index.php?rest_route=\/wp\/v2\/posts"}],"about":[{"href":"http:\/\/www.zanetti.ch\/index.php?rest_route=\/wp\/v2\/types\/post"}],"author":[{"embeddable":true,"href":"http:\/\/www.zanetti.ch\/index.php?rest_route=\/wp\/v2\/users\/1"}],"replies":[{"embeddable":true,"href":"http:\/\/www.zanetti.ch\/index.php?rest_route=%2Fwp%2Fv2%2Fcomments&post=10"}],"version-history":[{"count":0,"href":"http:\/\/www.zanetti.ch\/index.php?rest_route=\/wp\/v2\/posts\/10\/revisions"}],"wp:attachment":[{"href":"http:\/\/www.zanetti.ch\/index.php?rest_route=%2Fwp%2Fv2%2Fmedia&parent=10"}],"wp:term":[{"taxonomy":"category","embeddable":true,"href":"http:\/\/www.zanetti.ch\/index.php?rest_route=%2Fwp%2Fv2%2Fcategories&post=10"},{"taxonomy":"post_tag","embeddable":true,"href":"http:\/\/www.zanetti.ch\/index.php?rest_route=%2Fwp%2Fv2%2Ftags&post=10"}],"curies":[{"name":"wp","href":"https:\/\/api.w.org\/{rel}","templated":true}]}}