{"id":120,"date":"2009-11-27T10:17:59","date_gmt":"2009-11-27T08:17:59","guid":{"rendered":"http:\/\/www.blog.zanetti.ch\/?p=120"},"modified":"2009-11-27T14:06:21","modified_gmt":"2009-11-27T12:06:21","slug":"auch-arbeiten-bildet","status":"publish","type":"post","link":"http:\/\/www.zanetti.ch\/?p=120","title":{"rendered":"Auch Arbeiten bildet"},"content":{"rendered":"<p>Eine Erh\u00f6hung der Studiengeb\u00fchren ist nicht ungerecht, sondern im Interesse der Gerechtigkeit geboten. Es ist n\u00e4mlich nicht einzusehen, warum \u201eB\u00fcezer\u201c und Angestellte f\u00fcr ihre Ausbildung teilweise tief in die Taschen greifen m\u00fcssen, w\u00e4hrend Studenten lediglich einen symbolischen Beitrag leisten. Es ist kein Menschenrecht, anderen auf der Pelle zu liegen, oder sich \u2013 Leistungsf\u00e4higkeit vorausgesetzt \u2013 von der Allgemeinheit durchf\u00fcttern zu lassen. Nicht einmal aus dem von den Linken gerne angerufenen V\u00f6lkerrecht l\u00e4sst sich ein solches herleiten.<\/p>\n<p>Ich hatte k\u00fcrzlich Gelegenheit, mir von der zurzeit laufenden Micky Maus-Besetzung an unserer Universit\u00e4t ein Bild zu verschaffen. Das war h\u00f6chst aufschlussreich: Irgendwie wollten die tumben Sponti-Spr\u00fcche und Phrasen aus der Mottenkiste der 68er nicht recht zu den angeblich auf Bildung erpichten Manifestanten passen. Auch habe ich kaum jemanden beim Studium eines Buches gesehen. Besonders entt\u00e4uscht hat mich allerdings, dass die Demonstranten zwar ungeniert Forderungen an den Staat stellen, sich aber nicht im Geringsten daf\u00fcr interessieren, wie es finanziell um diesen Staat bestellt ist. Niemand wusste beispielsweise, dass wir das laufende Jahr mit einem Verlust von \u00fcber 200 Mio. Franken abschliessen werden. Kein Schimmer auch von dem f\u00fcr 2010 budgetierten Defizit von \u00fcber 700 Millionen, geschweige denn von den darauf folgenden Defiziten von 1&#8217;300, 1&#8217;400 und weiteren 1&#8217;300 Mio. Franken.<\/p>\n<p>Beim Eingang zum Hauptgeb\u00e4ude der Universit\u00e4t heisst es in einer Inschrift \u201eNach dem Willen des Volkes\u201c. Ob die Demonstranten wissen, was damit gemeint ist? Wer als Student angesichts der hiesigen Verh\u00e4ltnisse glaubt, vor einer \u201eZweiklassen-Bildung\u201c warnen zu m\u00fcssen oder eine Erwerbsarbeit schlicht f\u00fcr unzumutbar h\u00e4lt, hat die Relationen verloren und m\u00fcsste zum Arbeiten verpflichtet werden k\u00f6nnen. Ein kurzer Aufenthalt in der realen Welt w\u00fcrde gen\u00fcgen, um zur Einsicht zu gelangen, dass Z\u00fcrcher Studenten auch nach einer Geb\u00fchrenerh\u00f6hung enorm privilegiert sind. Und f\u00fcr die wirklich Bed\u00fcrftigen gibt es Stipendien.<\/p>\n<p>Einen Makel hat die Erh\u00f6hung der Studiengeb\u00fchren allerdings tats\u00e4chlich: Sie ist keine Sparmassnahme im eigentlichen Sinn, weil sie nicht zu einer Senkung des Aufwands zwingt, sondern mehr Geld in die Kassen sp\u00fclt. Dies l\u00e4sst sich jedoch mit einer Steuerfusssenkung zugunsten der gesamten werkt\u00e4tigen Bev\u00f6lkerung leicht kompensieren.<\/p>\n<p>____<\/p>\n<p>Erschienen im Tages-Anzeiger vom 27. November 2009<\/p>\n\n<div class=\"twitter-share\"><a href=\"https:\/\/twitter.com\/intent\/tweet?via=zac1967\" class=\"twitter-share-button\" data-size=\"large\">Twittern<\/a><\/div>\n","protected":false},"excerpt":{"rendered":"<p>Eine Erh\u00f6hung der Studiengeb\u00fchren ist nicht ungerecht, sondern im Interesse der Gerechtigkeit geboten. Es ist n\u00e4mlich nicht einzusehen, warum \u201eB\u00fcezer\u201c und Angestellte f\u00fcr ihre Ausbildung teilweise tief in die Taschen greifen m\u00fcssen, w\u00e4hrend Studenten lediglich einen symbolischen Beitrag leisten. Es ist kein Menschenrecht, anderen auf der Pelle zu liegen, oder sich \u2013 Leistungsf\u00e4higkeit vorausgesetzt \u2013 &hellip; <a href=\"http:\/\/www.zanetti.ch\/?p=120\" class=\"more-link\"><span class=\"screen-reader-text\">Auch Arbeiten bildet<\/span> weiterlesen <span class=\"meta-nav\">&rarr;<\/span><\/a><\/p>\n","protected":false},"author":1,"featured_media":0,"comment_status":"open","ping_status":"open","sticky":false,"template":"","format":"standard","meta":{"_exactmetrics_skip_tracking":false,"_exactmetrics_sitenote_active":false,"_exactmetrics_sitenote_note":"","_exactmetrics_sitenote_category":0,"jetpack_post_was_ever_published":false,"_jetpack_newsletter_access":"","_jetpack_dont_email_post_to_subs":false,"_jetpack_newsletter_tier_id":0,"_jetpack_memberships_contains_paywalled_content":false,"_jetpack_memberships_contains_paid_content":false,"footnotes":"","jetpack_publicize_message":"","jetpack_publicize_feature_enabled":true,"jetpack_social_post_already_shared":false,"jetpack_social_options":{"image_generator_settings":{"template":"highway","default_image_id":0,"font":"","enabled":false},"version":2}},"categories":[8,3,14,9],"tags":[],"class_list":["post-120","post","type-post","status-publish","format-standard","hentry","category-bildung","category-finanzen-und-steuern","category-ordnungspolitik","category-rechtsstaat"],"jetpack_publicize_connections":[],"jetpack_featured_media_url":"","jetpack_sharing_enabled":true,"jetpack_shortlink":"https:\/\/wp.me\/p6ORi5-1W","_links":{"self":[{"href":"http:\/\/www.zanetti.ch\/index.php?rest_route=\/wp\/v2\/posts\/120","targetHints":{"allow":["GET"]}}],"collection":[{"href":"http:\/\/www.zanetti.ch\/index.php?rest_route=\/wp\/v2\/posts"}],"about":[{"href":"http:\/\/www.zanetti.ch\/index.php?rest_route=\/wp\/v2\/types\/post"}],"author":[{"embeddable":true,"href":"http:\/\/www.zanetti.ch\/index.php?rest_route=\/wp\/v2\/users\/1"}],"replies":[{"embeddable":true,"href":"http:\/\/www.zanetti.ch\/index.php?rest_route=%2Fwp%2Fv2%2Fcomments&post=120"}],"version-history":[{"count":0,"href":"http:\/\/www.zanetti.ch\/index.php?rest_route=\/wp\/v2\/posts\/120\/revisions"}],"wp:attachment":[{"href":"http:\/\/www.zanetti.ch\/index.php?rest_route=%2Fwp%2Fv2%2Fmedia&parent=120"}],"wp:term":[{"taxonomy":"category","embeddable":true,"href":"http:\/\/www.zanetti.ch\/index.php?rest_route=%2Fwp%2Fv2%2Fcategories&post=120"},{"taxonomy":"post_tag","embeddable":true,"href":"http:\/\/www.zanetti.ch\/index.php?rest_route=%2Fwp%2Fv2%2Ftags&post=120"}],"curies":[{"name":"wp","href":"https:\/\/api.w.org\/{rel}","templated":true}]}}