{"id":1372,"date":"2017-05-06T12:55:45","date_gmt":"2017-05-06T10:55:45","guid":{"rendered":"http:\/\/www.zanetti.ch\/?p=1372"},"modified":"2017-05-06T13:02:28","modified_gmt":"2017-05-06T11:02:28","slug":"meine-anfrage-zur-spionage-affaere","status":"publish","type":"post","link":"http:\/\/www.zanetti.ch\/?p=1372","title":{"rendered":"Meine Anfrage zur &#8222;Spionage-Aff\u00e4re&#8220;"},"content":{"rendered":"<p>Im Zusammenhang mit der Verhaftung von D.M. durch die deutschen Strafverfolgungsbeh\u00f6rden <a href=\"https:\/\/www.parlament.ch\/de\/ratsbetrieb\/suche-curia-vista\/geschaeft?AffairId=20171026\" target=\"_blank\" rel=\"noopener noreferrer\">ersuche ich den Bundesrat um Beantwortung der folgenden Fragen<\/a>:<!--more--><\/p>\n<ol>\n<li>Trifft es zu, dass D.M. massgeblich beteiligt war an der Enttarnung der nordrhein-westf\u00e4lischen Finanzbeamten, die dem Schweizer Finanzplatz in staatlichem Auftrag mit dem illegalen Kauf und der Weitergabe von Kundendaten massiven Schaden zuf\u00fcgten?<\/li>\n<li>Warum schrieben die Schweizer Strafverfolgungsbeh\u00f6rden jene deutschen Agenten \u00f6ffentlich, als sollten sie gewarnt und von einer weiteren Reise in die Schweiz abgehalten werden, zur Verhaftung aus, w\u00e4hrend die deutsche Generalbundesanwaltschaft D.M. im vergangenen Dezember (klugerweise und wesentlich erfolgreicher) geheim ausschrieb?<\/li>\n<li>Wie erkl\u00e4rt der Bundesrat, dass die Verhaftung von D.M. offenbar zu einem wesentlichen Teil auf geheimen Informationen beruht, die D.M. den Schweizer Beh\u00f6rden im Rahmen seiner T\u00e4tigkeit f\u00fcr sie lieferte? Kann der Bundesrat ausschliessen, dass die deutschen Beh\u00f6rden auf offiziellem oder informellem Weg durch Vertreter von Bundesbeh\u00f6rden in Kenntnis dieser Informationen gelangten?<\/li>\n<li>In welcher Form unterst\u00fctzt der diplomatische Dienst D.M. w\u00e4hrend seiner Haft? Wurde er bereits von der Schweizer Botschaft kontaktiert?<\/li>\n<\/ol>\n\n<div class=\"twitter-share\"><a href=\"https:\/\/twitter.com\/intent\/tweet?via=zac1967\" class=\"twitter-share-button\" data-size=\"large\">Twittern<\/a><\/div>\n","protected":false},"excerpt":{"rendered":"<p>Im Zusammenhang mit der Verhaftung von D.M. durch die deutschen Strafverfolgungsbeh\u00f6rden ersuche ich den Bundesrat um Beantwortung der folgenden Fragen:<\/p>\n","protected":false},"author":1,"featured_media":0,"comment_status":"open","ping_status":"open","sticky":false,"template":"","format":"standard","meta":{"_exactmetrics_skip_tracking":false,"_exactmetrics_sitenote_active":false,"_exactmetrics_sitenote_note":"","_exactmetrics_sitenote_category":0,"jetpack_post_was_ever_published":false,"_jetpack_newsletter_access":"","_jetpack_dont_email_post_to_subs":false,"_jetpack_newsletter_tier_id":0,"_jetpack_memberships_contains_paywalled_content":false,"_jetpack_memberships_contains_paid_content":false,"footnotes":"","jetpack_publicize_message":"","jetpack_publicize_feature_enabled":true,"jetpack_social_post_already_shared":true,"jetpack_social_options":{"image_generator_settings":{"template":"highway","default_image_id":0,"font":"","enabled":false},"version":2}},"categories":[9,16,5],"tags":[],"class_list":["post-1372","post","type-post","status-publish","format-standard","hentry","category-rechtsstaat","category-sicherheitspolitik","category-staat-und-demokratie"],"jetpack_publicize_connections":[],"jetpack_featured_media_url":"","jetpack_sharing_enabled":true,"jetpack_shortlink":"https:\/\/wp.me\/p6ORi5-m8","_links":{"self":[{"href":"http:\/\/www.zanetti.ch\/index.php?rest_route=\/wp\/v2\/posts\/1372","targetHints":{"allow":["GET"]}}],"collection":[{"href":"http:\/\/www.zanetti.ch\/index.php?rest_route=\/wp\/v2\/posts"}],"about":[{"href":"http:\/\/www.zanetti.ch\/index.php?rest_route=\/wp\/v2\/types\/post"}],"author":[{"embeddable":true,"href":"http:\/\/www.zanetti.ch\/index.php?rest_route=\/wp\/v2\/users\/1"}],"replies":[{"embeddable":true,"href":"http:\/\/www.zanetti.ch\/index.php?rest_route=%2Fwp%2Fv2%2Fcomments&post=1372"}],"version-history":[{"count":3,"href":"http:\/\/www.zanetti.ch\/index.php?rest_route=\/wp\/v2\/posts\/1372\/revisions"}],"predecessor-version":[{"id":1375,"href":"http:\/\/www.zanetti.ch\/index.php?rest_route=\/wp\/v2\/posts\/1372\/revisions\/1375"}],"wp:attachment":[{"href":"http:\/\/www.zanetti.ch\/index.php?rest_route=%2Fwp%2Fv2%2Fmedia&parent=1372"}],"wp:term":[{"taxonomy":"category","embeddable":true,"href":"http:\/\/www.zanetti.ch\/index.php?rest_route=%2Fwp%2Fv2%2Fcategories&post=1372"},{"taxonomy":"post_tag","embeddable":true,"href":"http:\/\/www.zanetti.ch\/index.php?rest_route=%2Fwp%2Fv2%2Ftags&post=1372"}],"curies":[{"name":"wp","href":"https:\/\/api.w.org\/{rel}","templated":true}]}}