{"id":1641,"date":"2018-09-02T20:01:58","date_gmt":"2018-09-02T18:01:58","guid":{"rendered":"http:\/\/www.zanetti.ch\/?p=1641"},"modified":"2018-09-02T20:02:28","modified_gmt":"2018-09-02T18:02:28","slug":"schweden-faellt-am-9-september-2018-die-naechste-sozialisten-hochburg","status":"publish","type":"post","link":"http:\/\/www.zanetti.ch\/?p=1641","title":{"rendered":"Schweden &#8211; f\u00e4llt am 9. September 2018 die n\u00e4chste Sozialisten-Hochburg?"},"content":{"rendered":"<p>Am 9. September 2018 finden in Schweden die Parlamentswahlen (Riksdag) statt. Wie unl\u00e4ngst bereits in vielen EU-L\u00e4ndern erlebt, zeigen die j\u00fcngsten Umfragen auch f\u00fcr Schweden deutliche W\u00e4hleranteilsverluste f\u00fcr die traditionellen Regierungsparteien und markante Gewinne f\u00fcr die populistischen Lager am rechten und minim auch am linken Ende des Parteienspektrums an. Entscheidende Wahlthemen waren die \u00fcbermarchende Immigration und die Kriminalit\u00e4t. Die Sozialisten, die das Land w\u00e4hrend rund 100 Jahren dominierten d\u00fcrften durch eine konservative Minderheitsregierung unter der F\u00fchrung der Moderaten Sammlungspartei und ihrem derzeitigen Parteichef Ulf Kristersson als Spitzenkandidat f\u00fcr das Amt des Premierministers abgel\u00f6st werden. Allenfalls k\u00f6nnte es auch zu einer grossen Koalition kommen, um die rechtspopulistischen Schwedendemokraten auszubremsen. Diese Wahlen gelten auch als einer der letzten grossen Stimmungstests im Hinblick auf die EU-Parlamentswahlen am 23. Mai 2019.<\/p>\n<p>Den Gastbeitrag von alt Nationalrat Hans Kaufmann finden Sie <a href=\"http:\/\/www.zanetti.ch\/wp-content\/uploads\/2018\/09\/Schweden.pdf\">hier.<\/a><\/p>\n\n<div class=\"twitter-share\"><a href=\"https:\/\/twitter.com\/intent\/tweet?via=zac1967\" class=\"twitter-share-button\" data-size=\"large\">Twittern<\/a><\/div>\n","protected":false},"excerpt":{"rendered":"<p>Am 9. September 2018 finden in Schweden die Parlamentswahlen (Riksdag) statt. Wie unl\u00e4ngst bereits in vielen EU-L\u00e4ndern erlebt, zeigen die j\u00fcngsten Umfragen auch f\u00fcr Schweden deutliche W\u00e4hleranteilsverluste f\u00fcr die traditionellen Regierungsparteien und markante Gewinne f\u00fcr die populistischen Lager am rechten und minim auch am linken Ende des Parteienspektrums an. Entscheidende Wahlthemen waren die \u00fcbermarchende Immigration &hellip; <a href=\"http:\/\/www.zanetti.ch\/?p=1641\" class=\"more-link\"><span class=\"screen-reader-text\">Schweden &#8211; f\u00e4llt am 9. September 2018 die n\u00e4chste Sozialisten-Hochburg?<\/span> weiterlesen <span class=\"meta-nav\">&rarr;<\/span><\/a><\/p>\n","protected":false},"author":1,"featured_media":1643,"comment_status":"open","ping_status":"open","sticky":false,"template":"","format":"standard","meta":{"_exactmetrics_skip_tracking":false,"_exactmetrics_sitenote_active":false,"_exactmetrics_sitenote_note":"","_exactmetrics_sitenote_category":0,"jetpack_post_was_ever_published":false,"_jetpack_newsletter_access":"","_jetpack_dont_email_post_to_subs":false,"_jetpack_newsletter_tier_id":0,"_jetpack_memberships_contains_paywalled_content":false,"_jetpack_memberships_contains_paid_content":false,"footnotes":"","jetpack_publicize_message":"","jetpack_publicize_feature_enabled":true,"jetpack_social_post_already_shared":true,"jetpack_social_options":{"image_generator_settings":{"template":"highway","default_image_id":0,"font":"","enabled":false},"version":2}},"categories":[5],"tags":[132,309,634,162,296],"class_list":["post-1641","post","type-post","status-publish","format-standard","has-post-thumbnail","hentry","category-staat-und-demokratie","tag-populisten","tag-schweden","tag-schwedendemokraten","tag-sozialstaat","tag-zuwanderung"],"jetpack_publicize_connections":[],"jetpack_featured_media_url":"https:\/\/i0.wp.com\/www.zanetti.ch\/wp-content\/uploads\/2018\/09\/Schweden.jpg?fit=728%2C330&ssl=1","jetpack_sharing_enabled":true,"jetpack_shortlink":"https:\/\/wp.me\/p6ORi5-qt","_links":{"self":[{"href":"http:\/\/www.zanetti.ch\/index.php?rest_route=\/wp\/v2\/posts\/1641","targetHints":{"allow":["GET"]}}],"collection":[{"href":"http:\/\/www.zanetti.ch\/index.php?rest_route=\/wp\/v2\/posts"}],"about":[{"href":"http:\/\/www.zanetti.ch\/index.php?rest_route=\/wp\/v2\/types\/post"}],"author":[{"embeddable":true,"href":"http:\/\/www.zanetti.ch\/index.php?rest_route=\/wp\/v2\/users\/1"}],"replies":[{"embeddable":true,"href":"http:\/\/www.zanetti.ch\/index.php?rest_route=%2Fwp%2Fv2%2Fcomments&post=1641"}],"version-history":[{"count":2,"href":"http:\/\/www.zanetti.ch\/index.php?rest_route=\/wp\/v2\/posts\/1641\/revisions"}],"predecessor-version":[{"id":1645,"href":"http:\/\/www.zanetti.ch\/index.php?rest_route=\/wp\/v2\/posts\/1641\/revisions\/1645"}],"wp:featuredmedia":[{"embeddable":true,"href":"http:\/\/www.zanetti.ch\/index.php?rest_route=\/wp\/v2\/media\/1643"}],"wp:attachment":[{"href":"http:\/\/www.zanetti.ch\/index.php?rest_route=%2Fwp%2Fv2%2Fmedia&parent=1641"}],"wp:term":[{"taxonomy":"category","embeddable":true,"href":"http:\/\/www.zanetti.ch\/index.php?rest_route=%2Fwp%2Fv2%2Fcategories&post=1641"},{"taxonomy":"post_tag","embeddable":true,"href":"http:\/\/www.zanetti.ch\/index.php?rest_route=%2Fwp%2Fv2%2Ftags&post=1641"}],"curies":[{"name":"wp","href":"https:\/\/api.w.org\/{rel}","templated":true}]}}