{"id":227,"date":"2010-07-15T13:08:34","date_gmt":"2010-07-15T12:08:34","guid":{"rendered":"http:\/\/www.blog.zanetti.ch\/?p=227"},"modified":"2010-07-15T13:08:34","modified_gmt":"2010-07-15T12:08:34","slug":"eine-solche-ideologin-gehort-nicht-in-den-bundesrat","status":"publish","type":"post","link":"http:\/\/www.zanetti.ch\/?p=227","title":{"rendered":"Eine solche Ideologin geh\u00f6rt nicht in den Bundesrat"},"content":{"rendered":"<p>Wer keine Substanz zu bieten hat, kann immer noch provozieren. Marthaler, Schlingensief, Hirschhorn und andere sind Beispiele daf\u00fcr, wie man von Provokationen, die ohne jeden Inhalt auskommen, gut leben kann. Auch in der Politik gibt es solche F\u00e4lle. Zum Beispiel die Z\u00fcrcher Bildungsdirektorin Regine Aeppli. In deren B\u00fcro h\u00e4ngt ein Bild von einem Buch, in dem ein Messer steckt. Es scheint, als sei die Frau \u00fcber Pink Floyd\u2019s <em>\u201eWe don\u2019t need no education! Teachers leave us kids alone!\u201c<\/em> nicht hinausgekommen. Das w\u00e4re an sich nicht schlimm, w\u00e4re sie nicht ausgerechnet f\u00fcr die Qualit\u00e4t unserer Volksschule verantwortlich. Das Bild sei als intellektuelle Provokation zu verstehen, wurde der Schreibende belehrt. Doch wer soll denn provoziert werden, und inwiefern l\u00e4sst sich mit solchem Unfug die Qualit\u00e4t der Volksschule heben?<\/p>\n<p>Genossin Aeppli ist allerdings nicht nur eine Provokateurin. Sie ist in erster Linie eine verbohrte Ideologin, die eine streng sozialistische Agenda verfolgt. Und wie alle Sozialisten kann sie sich nicht damit abfinden, dass die Welt so ist, wie sie ist. Die Schule hat f\u00fcr sie darum nicht in erster Linie die Aufgabe, Bildung zu vermitteln, sondern die Menschen umzuerziehen. Und damit soll m\u00f6glichst fr\u00fch begonnen werden \u2013 etwa im Rahmen der ausserfamili\u00e4ren Kinderbetreuung.<\/p>\n<p>Gerade lieferte die rote Ideologin ein weiteres Beispiel daf\u00fcr, dass f\u00fcr sie nur relevant ist, was in ihr Weltbild passt: Mit grossangelegten Versuchen sollte der Verdacht erh\u00e4rtet werden, an den Z\u00fcrichberg-Gymnasien sei es einfacher, einen Platz zu bekommen, als in den Kantonsschulen in der Region. Die Frage, wer ans Gymnasium geh\u00f6rt, sollte also zu einer politischen Frage gemacht werden. Rezepte mit denen Hugo Chavez gerade \u201esein\u201c Land in den Ruin treibt, sollen auch hierzulande Anwendung finden.<\/p>\n<p>Doch einmal mehr machte die Realit\u00e4t der Ideologin einen Strich durch die Rechnung: Der Versuch f\u00f6rderte nicht die erhofften Resultate zu Tage. Er wurde darum gestoppt. Es ging also gar nie darum, Grundlagenmaterial zu erhalten, das f\u00fcr weitere Entscheide von Bedeutung sein kann. Man ging von einer politischen Zielsetzung aus, und erhoffte sich vom Versuch lediglich die argumentative Untermauerung. Zum Gl\u00fcck ist man damit gescheitert.<\/p>\n<p>Nach der Feststellung der eidgen\u00f6ssischen Bildungsdirektion, dass die Einf\u00fchrung der Grundstufe ausser h\u00f6heren Kosten nichts bringt, und dem Fiasko mit dem \u201eTeamteaching\u201c an der Volksschule im Bereich der Sonderp\u00e4dagogik (Integration von Sondersch\u00fclern in die Regelklassen) ist das bereits der dritte R\u00fcckschlag, den Genossin Aeppli innert kurzer Zeit hinzunehmen hat.<\/p>\n<p>Es ist unsere freundeidgen\u00f6ssische Pflicht, die Vereinigte Bundesversammlung davor zu warnen, die Frau auch noch zur Bundesr\u00e4tin zu machen, wo sie noch gr\u00f6sseren Schaden anrichten k\u00f6nnte.<\/p>\n\n<div class=\"twitter-share\"><a href=\"https:\/\/twitter.com\/intent\/tweet?via=zac1967\" class=\"twitter-share-button\" data-size=\"large\">Twittern<\/a><\/div>\n","protected":false},"excerpt":{"rendered":"<p>Wer keine Substanz zu bieten hat, kann immer noch provozieren. Marthaler, Schlingensief, Hirschhorn und andere sind Beispiele daf\u00fcr, wie man von Provokationen, die ohne jeden Inhalt auskommen, gut leben kann. Auch in der Politik gibt es solche F\u00e4lle. Zum Beispiel die Z\u00fcrcher Bildungsdirektorin Regine Aeppli. In deren B\u00fcro h\u00e4ngt ein Bild von einem Buch, in &hellip; <a href=\"http:\/\/www.zanetti.ch\/?p=227\" class=\"more-link\"><span class=\"screen-reader-text\">Eine solche Ideologin geh\u00f6rt nicht in den Bundesrat<\/span> weiterlesen <span class=\"meta-nav\">&rarr;<\/span><\/a><\/p>\n","protected":false},"author":1,"featured_media":0,"comment_status":"open","ping_status":"open","sticky":false,"template":"","format":"standard","meta":{"_exactmetrics_skip_tracking":false,"_exactmetrics_sitenote_active":false,"_exactmetrics_sitenote_note":"","_exactmetrics_sitenote_category":0,"jetpack_post_was_ever_published":false,"_jetpack_newsletter_access":"","_jetpack_dont_email_post_to_subs":false,"_jetpack_newsletter_tier_id":0,"_jetpack_memberships_contains_paywalled_content":false,"_jetpack_memberships_contains_paid_content":false,"footnotes":"","jetpack_publicize_message":"","jetpack_publicize_feature_enabled":true,"jetpack_social_post_already_shared":false,"jetpack_social_options":{"image_generator_settings":{"template":"highway","default_image_id":0,"font":"","enabled":false},"version":2}},"categories":[8],"tags":[],"class_list":["post-227","post","type-post","status-publish","format-standard","hentry","category-bildung"],"jetpack_publicize_connections":[],"jetpack_featured_media_url":"","jetpack_sharing_enabled":true,"jetpack_shortlink":"https:\/\/wp.me\/p6ORi5-3F","_links":{"self":[{"href":"http:\/\/www.zanetti.ch\/index.php?rest_route=\/wp\/v2\/posts\/227","targetHints":{"allow":["GET"]}}],"collection":[{"href":"http:\/\/www.zanetti.ch\/index.php?rest_route=\/wp\/v2\/posts"}],"about":[{"href":"http:\/\/www.zanetti.ch\/index.php?rest_route=\/wp\/v2\/types\/post"}],"author":[{"embeddable":true,"href":"http:\/\/www.zanetti.ch\/index.php?rest_route=\/wp\/v2\/users\/1"}],"replies":[{"embeddable":true,"href":"http:\/\/www.zanetti.ch\/index.php?rest_route=%2Fwp%2Fv2%2Fcomments&post=227"}],"version-history":[{"count":0,"href":"http:\/\/www.zanetti.ch\/index.php?rest_route=\/wp\/v2\/posts\/227\/revisions"}],"wp:attachment":[{"href":"http:\/\/www.zanetti.ch\/index.php?rest_route=%2Fwp%2Fv2%2Fmedia&parent=227"}],"wp:term":[{"taxonomy":"category","embeddable":true,"href":"http:\/\/www.zanetti.ch\/index.php?rest_route=%2Fwp%2Fv2%2Fcategories&post=227"},{"taxonomy":"post_tag","embeddable":true,"href":"http:\/\/www.zanetti.ch\/index.php?rest_route=%2Fwp%2Fv2%2Ftags&post=227"}],"curies":[{"name":"wp","href":"https:\/\/api.w.org\/{rel}","templated":true}]}}