{"id":255,"date":"2010-11-18T15:41:34","date_gmt":"2010-11-18T15:41:34","guid":{"rendered":"http:\/\/www.blog.zanetti.ch\/?p=255"},"modified":"2010-11-18T15:41:34","modified_gmt":"2010-11-18T15:41:34","slug":"cc-talk-vom-18-november","status":"publish","type":"post","link":"http:\/\/www.zanetti.ch\/?p=255","title":{"rendered":"CC-Talk vom 18. November 2010"},"content":{"rendered":"<p>[flv:http:\/\/www.politik.ch\/fs\/videos\/cc_talk\/101118_politalk.flv 480 310]<br \/>\nSchwarze Menschen in der Schweiz<\/p>\n<p style=\"margin: 0cm 0cm 0pt\" class=\"MsoNormal\"><font color=\"#000000\" face=\"Arial\" size=\"2\">In den letzten 20 Jahren hat sich die Zahl der Schwarzafrikaner in der Schweiz verdreifacht. Damit sieht sich die Schweiz mit positiven und negativen Folgen konfrontiert: Multikulturelle Bereicherung, Lebensfreude, aber auch Asylmissbrauch, Scheinehen und Kriminalit\u00e4t. Oftmals reagieren die Beh\u00f6rden \u00fcberfordert und naiv, wenn es um die L\u00f6sung der Probleme geht. Ist die Schweiz latent rassistisch? Dar\u00fcber diskutieren Christoph Romer und Claudio Zanetti mit Philipp Gut (stellvertretender Chefredaktor der Weltwoche) und Andrew Katumba (SP-Gemeinderat Stadt Z\u00fcrich).  <\/font><\/p>\n\n<div class=\"twitter-share\"><a href=\"https:\/\/twitter.com\/intent\/tweet?via=zac1967\" class=\"twitter-share-button\" data-size=\"large\">Twittern<\/a><\/div>\n","protected":false},"excerpt":{"rendered":"<p>[flv:http:\/\/www.politik.ch\/fs\/videos\/cc_talk\/101118_politalk.flv 480 310] Schwarze Menschen in der Schweiz In den letzten 20 Jahren hat sich die Zahl der Schwarzafrikaner in der Schweiz verdreifacht. Damit sieht sich die Schweiz mit positiven und negativen Folgen konfrontiert: Multikulturelle Bereicherung, Lebensfreude, aber auch Asylmissbrauch, Scheinehen und Kriminalit\u00e4t. Oftmals reagieren die Beh\u00f6rden \u00fcberfordert und naiv, wenn es um die L\u00f6sung &hellip; <a href=\"http:\/\/www.zanetti.ch\/?p=255\" class=\"more-link\"><span class=\"screen-reader-text\">CC-Talk vom 18. November 2010<\/span> weiterlesen <span class=\"meta-nav\">&rarr;<\/span><\/a><\/p>\n","protected":false},"author":1,"featured_media":0,"comment_status":"open","ping_status":"open","sticky":false,"template":"","format":"standard","meta":{"_exactmetrics_skip_tracking":false,"_exactmetrics_sitenote_active":false,"_exactmetrics_sitenote_note":"","_exactmetrics_sitenote_category":0,"jetpack_post_was_ever_published":false,"_jetpack_newsletter_access":"","_jetpack_dont_email_post_to_subs":false,"_jetpack_newsletter_tier_id":0,"_jetpack_memberships_contains_paywalled_content":false,"_jetpack_memberships_contains_paid_content":false,"footnotes":"","jetpack_publicize_message":"","jetpack_publicize_feature_enabled":true,"jetpack_social_post_already_shared":false,"jetpack_social_options":{"image_generator_settings":{"template":"highway","default_image_id":0,"font":"","enabled":false},"version":2}},"categories":[1],"tags":[],"class_list":["post-255","post","type-post","status-publish","format-standard","hentry","category-allgemein"],"jetpack_publicize_connections":[],"jetpack_featured_media_url":"","jetpack_sharing_enabled":true,"jetpack_shortlink":"https:\/\/wp.me\/p6ORi5-47","_links":{"self":[{"href":"http:\/\/www.zanetti.ch\/index.php?rest_route=\/wp\/v2\/posts\/255","targetHints":{"allow":["GET"]}}],"collection":[{"href":"http:\/\/www.zanetti.ch\/index.php?rest_route=\/wp\/v2\/posts"}],"about":[{"href":"http:\/\/www.zanetti.ch\/index.php?rest_route=\/wp\/v2\/types\/post"}],"author":[{"embeddable":true,"href":"http:\/\/www.zanetti.ch\/index.php?rest_route=\/wp\/v2\/users\/1"}],"replies":[{"embeddable":true,"href":"http:\/\/www.zanetti.ch\/index.php?rest_route=%2Fwp%2Fv2%2Fcomments&post=255"}],"version-history":[{"count":0,"href":"http:\/\/www.zanetti.ch\/index.php?rest_route=\/wp\/v2\/posts\/255\/revisions"}],"wp:attachment":[{"href":"http:\/\/www.zanetti.ch\/index.php?rest_route=%2Fwp%2Fv2%2Fmedia&parent=255"}],"wp:term":[{"taxonomy":"category","embeddable":true,"href":"http:\/\/www.zanetti.ch\/index.php?rest_route=%2Fwp%2Fv2%2Fcategories&post=255"},{"taxonomy":"post_tag","embeddable":true,"href":"http:\/\/www.zanetti.ch\/index.php?rest_route=%2Fwp%2Fv2%2Ftags&post=255"}],"curies":[{"name":"wp","href":"https:\/\/api.w.org\/{rel}","templated":true}]}}