{"id":318,"date":"2014-12-29T19:34:53","date_gmt":"2014-12-29T18:34:53","guid":{"rendered":"http:\/\/www.zanetti.ch\/?p=318"},"modified":"2015-10-08T14:04:29","modified_gmt":"2015-10-08T12:04:29","slug":"die-cducsu-wird-zerfallen","status":"publish","type":"post","link":"http:\/\/www.zanetti.ch\/?p=318","title":{"rendered":"Die CDU\/CSU wird zerfallen"},"content":{"rendered":"<p>Gem\u00e4ss Winston Churchill heben sich Staatsm\u00e4nner von Politikern dadurch ab, dass sie an die n\u00e4chste Generation und nicht nur an die n\u00e4chste Wahl denken. Eindeutig in die letztere Kategorie geh\u00f6rt die deutsche Bundeskanzlerin Angela Merkel. Sie brachte das \u201eKunstst\u00fcck\u201c fertig, \u201eihre\u201c Partei jeglicher Substanz zu berauben. Angela Merkel ist die Partei, und die Partei ist Angela Merkel. Das hatten wir doch schon einmal, und es ist nicht gut herausgekommen. Den Schaden wird diesmal allerdings weniger das Land als vielmehr die Partei tragen, die zuliess, zu einer Claqueuren-Truppe, die den Kanzler nominiert, zu werden.<!--more--><\/p>\n<p>Gestellt wurden die Weichen f\u00fcr diese geistige und moralische Wende bereits vor langer Zeit. Damals, als Angela Merkel beschloss, sich nicht mehr f\u00fcr Politik und nur noch f\u00fcr ihr Amt zu interessieren. Seit jenem Tag ging es ihr nur noch darum, oben zu bleiben. Gestaltungswille oder ein klares Konzept sind bei ihr nicht zu erkennen. Einzig: Wer ihr in den vergangenen Jahren gef\u00e4hrlich zu werden drohte, wurde aus dem Weg ger\u00e4umt. Dasselbe passierte auch mit s\u00e4mtlichen Positionen, die ihrer Parte noch so etwas wie Profil verliehen und darum l\u00e4stig waren. Anstatt die Auseinandersetzung mit dem politischen Gegner zu suchen, wurde dessen Programm kurzerhand \u00fcbernommen. Einzige Maxime war fortan die totale Beliebigkeit. Nur bloss keinen \u00c4rger. Oben bleiben ist alles, wie beim Rodeo.<\/p>\n<p>Ob man f\u00fcr oder gegen etwas ist, wird in der Regierung Merkel weitgehend aufgrund von Meinungsumfragen entschieden, von denen das Bundeskanzleramt durchschnittlich drei pro Woche in Auftrag gibt. Gerade k\u00fcrzlich hat eine Untersuchung des \u201eSpiegel\u201c ergeben, dass es S\u00e4tze der Demoskopen fast wortw\u00f6rtlich in Regierungserkl\u00e4rungen schaffen. Kann eine Regierung mit einer solchen Verantwortung tiefer sinken?<\/p>\n<p><strong>Links neben einer demokratisch legitimierten Partei<\/strong><\/p>\n<p>W\u00e4hrend Jahrzehnten galt in den Unionsparteien das Diktum von Franz Josef Strauss, wonach es in Deutschland auf Dauer rechts von der CDU\/CSU keine demokratisch legitimierte Partei geben d\u00fcrfe. Damit ist es nun vorbei: Bereits in drei Landtagen ist genau dieser Fall eingetreten. F\u00fcr die W\u00e4hler gibt es rechts von CDU\/CSU nun die \u201eAlternative f\u00fcr Deutschland\u201c (AfD), die vor allem die Kunstw\u00e4hrung Euro abschaffen will. Daneben vertritt die AfD eine Reihe weiterer vern\u00fcnftiger Positionen, die jenen der SVP nicht un\u00e4hnlich sind.<\/p>\n<p>Wie sollen sich CDU\/CSU gegen\u00fcber der AfD verhalten? Noch ist lediglich klar, dass die Strategie des Ignorierens grandios gescheitert ist. Irgendwann wird man sich den neuen Verh\u00e4ltnissen stellen m\u00fcssen. Ist Angela Merkel so prinzipienlos, dass sie am Ende auch das Programm der AfD \u2013 wie zuvor bereits jenes der Gr\u00fcnen \u2013 \u00fcbernimmt? Wird sie schon bald der Wiedereinf\u00fchrung der Mark das Wort reden? Auch die coupartige Abschaffung der Wehrpflicht und den Ausstieg aus der Atomenergie h\u00e4tte niemand f\u00fcr m\u00f6glich gehalten.<\/p>\n<p>F\u00fcr die CDU\/CSU w\u00e4re es h\u00f6chste Zeit, \u00fcber die nach-Merkel-\u00c4ra nachzudenken. Denn ewig wird \u201eMutti\u201c nicht im Amt bleiben. Und wer braucht schon eine Partei, die austauschbar ist mit ihrem Koalitionspartner?<br \/>\n_______<\/p>\n<p>Erschienen im <a href=\"http:\/\/issuu.com\/svpkantonzuerich\/docs\/bote_38_internet_6ffdddb420509e\" target=\"_blank\">&#8222;Z\u00fcrcher Bote&#8220;<\/a> vom 19. September 2014<\/p>\n\n<div class=\"twitter-share\"><a href=\"https:\/\/twitter.com\/intent\/tweet?via=zac1967\" class=\"twitter-share-button\" data-size=\"large\">Twittern<\/a><\/div>\n","protected":false},"excerpt":{"rendered":"<p>Gem\u00e4ss Winston Churchill heben sich Staatsm\u00e4nner von Politikern dadurch ab, dass sie an die n\u00e4chste Generation und nicht nur an die n\u00e4chste Wahl denken. Eindeutig in die letztere Kategorie geh\u00f6rt die deutsche Bundeskanzlerin Angela Merkel. Sie brachte das \u201eKunstst\u00fcck\u201c fertig, \u201eihre\u201c Partei jeglicher Substanz zu berauben. Angela Merkel ist die Partei, und die Partei ist &hellip; <a href=\"http:\/\/www.zanetti.ch\/?p=318\" class=\"more-link\"><span class=\"screen-reader-text\">Die CDU\/CSU wird zerfallen<\/span> weiterlesen <span class=\"meta-nav\">&rarr;<\/span><\/a><\/p>\n","protected":false},"author":1,"featured_media":0,"comment_status":"open","ping_status":"open","sticky":false,"template":"","format":"standard","meta":{"_exactmetrics_skip_tracking":false,"_exactmetrics_sitenote_active":false,"_exactmetrics_sitenote_note":"","_exactmetrics_sitenote_category":0,"jetpack_post_was_ever_published":false,"_jetpack_newsletter_access":"","_jetpack_dont_email_post_to_subs":false,"_jetpack_newsletter_tier_id":0,"_jetpack_memberships_contains_paywalled_content":false,"_jetpack_memberships_contains_paid_content":false,"footnotes":"","jetpack_publicize_message":"","jetpack_publicize_feature_enabled":true,"jetpack_social_post_already_shared":false,"jetpack_social_options":{"image_generator_settings":{"template":"highway","default_image_id":0,"font":"","enabled":false},"version":2}},"categories":[14],"tags":[225,221,222,224,223,199],"class_list":["post-318","post","type-post","status-publish","format-standard","hentry","category-ordnungspolitik","tag-afd","tag-cdu","tag-csu","tag-franz-josef-strauss","tag-merkel","tag-winston-churchill"],"jetpack_publicize_connections":[],"jetpack_featured_media_url":"","jetpack_sharing_enabled":true,"jetpack_shortlink":"https:\/\/wp.me\/p6ORi5-58","_links":{"self":[{"href":"http:\/\/www.zanetti.ch\/index.php?rest_route=\/wp\/v2\/posts\/318","targetHints":{"allow":["GET"]}}],"collection":[{"href":"http:\/\/www.zanetti.ch\/index.php?rest_route=\/wp\/v2\/posts"}],"about":[{"href":"http:\/\/www.zanetti.ch\/index.php?rest_route=\/wp\/v2\/types\/post"}],"author":[{"embeddable":true,"href":"http:\/\/www.zanetti.ch\/index.php?rest_route=\/wp\/v2\/users\/1"}],"replies":[{"embeddable":true,"href":"http:\/\/www.zanetti.ch\/index.php?rest_route=%2Fwp%2Fv2%2Fcomments&post=318"}],"version-history":[{"count":1,"href":"http:\/\/www.zanetti.ch\/index.php?rest_route=\/wp\/v2\/posts\/318\/revisions"}],"predecessor-version":[{"id":718,"href":"http:\/\/www.zanetti.ch\/index.php?rest_route=\/wp\/v2\/posts\/318\/revisions\/718"}],"wp:attachment":[{"href":"http:\/\/www.zanetti.ch\/index.php?rest_route=%2Fwp%2Fv2%2Fmedia&parent=318"}],"wp:term":[{"taxonomy":"category","embeddable":true,"href":"http:\/\/www.zanetti.ch\/index.php?rest_route=%2Fwp%2Fv2%2Fcategories&post=318"},{"taxonomy":"post_tag","embeddable":true,"href":"http:\/\/www.zanetti.ch\/index.php?rest_route=%2Fwp%2Fv2%2Ftags&post=318"}],"curies":[{"name":"wp","href":"https:\/\/api.w.org\/{rel}","templated":true}]}}