{"id":494623,"date":"2019-08-27T14:14:54","date_gmt":"2019-08-27T12:14:54","guid":{"rendered":"http:\/\/www.zanetti.ch\/?p=494623"},"modified":"2019-08-27T14:22:09","modified_gmt":"2019-08-27T12:22:09","slug":"die-muehe-der-linken-mit-recht-und-gerechtigkeit","status":"publish","type":"post","link":"http:\/\/www.zanetti.ch\/?p=494623","title":{"rendered":"Die M\u00fche der Linken mit Recht und Gerechtigkeit"},"content":{"rendered":"<p><em>Wohl unbeabsichtigt, daf\u00fcr aber erfrischend offen und ehrlich gew\u00e4hrte der Tages-Anzeiger k\u00fcrzlich einen Einblick in die verquere Gedankenwelt der Linken, in der das klare, strukturierte Denken l\u00e4ngst dem subjektiven Empfinden, das man \u00fcblicherweise \u201eGef\u00fchl\u201c nennt, gewichen ist.<\/em><!--more--><\/p>\n<p>Wie immer zum 1. August feuerte der Tages-Anzeiger auch dieses Jahr eine Breitseite gegen alles Patriotische ab. Immerhin w\u00e4hlte man f\u00fcr einmal einen interessanten Ansatz. Man analysiert die Schweizer Nationalhymne und verglich sie mit derjenigen anderer L\u00e4nder. Was erstere angeht, vermag das Urteil der Genossen von der Werdtstrasse nicht weiter zu \u00fcberraschen: Es sei eine \u201eLobhudelei aus l\u00e4ngst vergangenen Zeiten\u201c.<\/p>\n<p>Es folgt eine Statistik \u00fcber die H\u00e4ufigkeit der in den vereinigten Hymnentexten verwendeten W\u00f6rter. Diese lasse \u201etief blicken\u201c, stellt ein nachdenklicher Qualit\u00e4tsjournalist fest. \u2013 \u201eHoffentlich!\u201c, wird jeder Patriot einwenden. Die unter den \u201eTop Ten\u201c am h\u00e4ufigsten anzutreffenden Begriffe sind:<\/p>\n<ul>\n<li>\u201eLand\u201c,<\/li>\n<li>\u201eGott\u201c,<\/li>\n<li>\u201eFreiheit\u201c,<\/li>\n<li>\u201eVaterland\u201c,<\/li>\n<li>\u201eHeimat\u201c,<\/li>\n<li>\u201eVolk\u201c und<\/li>\n<li>\u201eNation\u201c.<\/li>\n<\/ul>\n<p>Dieses Resultat muss auf der Tages-Anzeiger-Redaktion wie eine Bombe eingeschlagen haben. Ja, man m\u00f6chte aus Sorge ein Care-Team vorbeischicken.<\/p>\n<p><strong>Tarnung einer zerst\u00f6rerischen Botschaft<\/strong><\/p>\n<p>Wozu braucht es denn \u00fcberhaupt eine Nationalhymne, wenn darin nicht genau jene Dinge besungen werden d\u00fcrfen, die einen Staat erst ausmachen, sein Volk, sein Gebiet und der Wille als Einheit auf der Basis des Rechts zusammenzuleben? Nur wer mit offenen Grenzen das Staatsgebiet, mit Massenzuwanderung und -einb\u00fcrgerungen das Staatsvolk und mit der bedingungslosen Unterwerfung unter eine Rechtsmaterie, die euphemistisch \u201eV\u00f6lkerrecht\u201c genannt wird, die Souver\u00e4nit\u00e4t zersetzen und zerst\u00f6ren will, kann das anders sehen. Das sagen die Linken, die solche subversiven Ziele verfolgen, nat\u00fcrlich nicht offen. Sie tarnen ihre Botschaft mit sch\u00f6nen Begriffen, wie mit Zuckerguss. Sozialismus war schon immer ein s\u00fcsses, verf\u00fchrerisches Gift.<\/p>\n<p>Mit sp\u00fcrbarem Schmerz stellt der Autor des Artikels fest, dass man in seiner Rangliste lange suchen m\u00fcsse, um bei Begriffen wie \u201eGerechtigkeit\u201c oder \u201eBr\u00fcderlichkeit\u201c zu landen. \u2013 Da ist er wieder, dieser Drang der Linken, Gerechtigkeit zu schaffen, ja zum Preis neuer Ungerechtigkeit zu erzwingen. Sie verdr\u00e4ngen dabei, dass Gerechtigkeit etwas sehr Subjektives ist, und sich der Staat darum an das objektive Recht zu halten hat. Das Recht ist Ausdruck des Strebens nach Gerechtigkeit, der Versuch, Gerechtigkeit zu schaffen. Aber Recht ist nicht synonym mit Gerechtigkeit. Die beiden Begriffe sind klar auseinanderzuhalten. Bereits in der griechischen Antike, aber vor allen in den Schriften Ciceros und jenen des r\u00f6mischen Kaisers Justinian heisst es, die Aufgabe des Rechts sei es, jedem das Seine zuzuteilen.<\/p>\n<p><strong>Nicht jede Ungleichheit ist ungerecht<\/strong><\/p>\n<p>Die linke Terminologie ist ebenso gef\u00e4hrlich, wie verf\u00e4nglich. Man muss schon klar denken k\u00f6nnen, um zu erkennen, welches verkr\u00fcppelte Weltbild hinter Begriffen wie \u201esoziale Gerechtigkeit\u201c steckt. Wer ist schon gerne ungerecht? Aber ist jede Ungleichheit auch ungerecht? Nein. Es ist sogar sehr gerecht, wenn derjenige, der mehr arbeitet, mehr verdient. Es ist auch gerecht, wenn A mehr hat als B \u2013 solange A rechtm\u00e4ssig zu seinem Verm\u00f6gen gekommen ist, es also weder gestohlen noch durch Betrug erlangt hat.<\/p>\n<p><strong>Sozialismus ist Gewalt<\/strong><\/p>\n<p>Das Ideal von Gerechtigkeit und Br\u00fcderlichkeit, von der die Sozialisten aller Herren L\u00e4nder tr\u00e4umen, l\u00e4sst sich nur mit Gewalt \u2013 also mit Ungerechtigkeit \u2013 erzwingen. Gewalt geh\u00f6rt zum Sozialismus, ist fester Bestandteil. Ja, Sozialismus ist Gewalt. Der Grund daf\u00fcr liegt auf der Hand: Wer eine Leistung erbringt, will von den Fr\u00fcchten profitieren. Er will seine Eigentumsrechte gegen\u00fcber Dritten durchsetzen k\u00f6nnen, und wird sich gegen jede St\u00f6rung wehren. Und ein Staat, der Gerechtigkeit im Sinne der Linken schaffen will, muss zwangsl\u00e4ufig Gewalt anwenden.<\/p>\n<p>Nat\u00fcrlich ist nicht jeder Sozialist oder gar jeder Sozialdemokrat ein gewaltt\u00e4tiger Mensch. Aber, dass Sozialisten, wenn sie \u00fcber die entsprechenden Machtmittel verf\u00fcgen, jedes Mittel recht ist, allf\u00e4lligen Widerstand zu brechen, haben sie in der Geschichte zur Gen\u00fcge bewiesen.<\/p>\n\n<div class=\"twitter-share\"><a href=\"https:\/\/twitter.com\/intent\/tweet?via=zac1967\" class=\"twitter-share-button\" data-size=\"large\">Twittern<\/a><\/div>\n","protected":false},"excerpt":{"rendered":"<p>Wohl unbeabsichtigt, daf\u00fcr aber erfrischend offen und ehrlich gew\u00e4hrte der Tages-Anzeiger k\u00fcrzlich einen Einblick in die verquere Gedankenwelt der Linken, in der das klare, strukturierte Denken l\u00e4ngst dem subjektiven Empfinden, das man \u00fcblicherweise \u201eGef\u00fchl\u201c nennt, gewichen ist.<\/p>\n","protected":false},"author":1,"featured_media":494624,"comment_status":"open","ping_status":"open","sticky":false,"template":"","format":"standard","meta":{"_exactmetrics_skip_tracking":false,"_exactmetrics_sitenote_active":false,"_exactmetrics_sitenote_note":"","_exactmetrics_sitenote_category":0,"jetpack_post_was_ever_published":false,"_jetpack_newsletter_access":"","_jetpack_dont_email_post_to_subs":false,"_jetpack_newsletter_tier_id":0,"_jetpack_memberships_contains_paywalled_content":false,"_jetpack_memberships_contains_paid_content":false,"footnotes":"","jetpack_publicize_message":"","jetpack_publicize_feature_enabled":true,"jetpack_social_post_already_shared":true,"jetpack_social_options":{"image_generator_settings":{"template":"highway","default_image_id":0,"font":"","enabled":false},"version":2}},"categories":[14,9],"tags":[670,671,234,160],"class_list":["post-494623","post","type-post","status-publish","format-standard","has-post-thumbnail","hentry","category-ordnungspolitik","category-rechtsstaat","tag-gerechtigkeit","tag-nationalhymne","tag-recht","tag-sozialismus"],"jetpack_publicize_connections":[],"jetpack_featured_media_url":"https:\/\/i0.wp.com\/www.zanetti.ch\/wp-content\/uploads\/2019\/08\/erf.jpg?fit=1004%2C527&ssl=1","jetpack_sharing_enabled":true,"jetpack_shortlink":"https:\/\/wp.me\/p6ORi5-24FN","_links":{"self":[{"href":"http:\/\/www.zanetti.ch\/index.php?rest_route=\/wp\/v2\/posts\/494623","targetHints":{"allow":["GET"]}}],"collection":[{"href":"http:\/\/www.zanetti.ch\/index.php?rest_route=\/wp\/v2\/posts"}],"about":[{"href":"http:\/\/www.zanetti.ch\/index.php?rest_route=\/wp\/v2\/types\/post"}],"author":[{"embeddable":true,"href":"http:\/\/www.zanetti.ch\/index.php?rest_route=\/wp\/v2\/users\/1"}],"replies":[{"embeddable":true,"href":"http:\/\/www.zanetti.ch\/index.php?rest_route=%2Fwp%2Fv2%2Fcomments&post=494623"}],"version-history":[{"count":3,"href":"http:\/\/www.zanetti.ch\/index.php?rest_route=\/wp\/v2\/posts\/494623\/revisions"}],"predecessor-version":[{"id":494627,"href":"http:\/\/www.zanetti.ch\/index.php?rest_route=\/wp\/v2\/posts\/494623\/revisions\/494627"}],"wp:featuredmedia":[{"embeddable":true,"href":"http:\/\/www.zanetti.ch\/index.php?rest_route=\/wp\/v2\/media\/494624"}],"wp:attachment":[{"href":"http:\/\/www.zanetti.ch\/index.php?rest_route=%2Fwp%2Fv2%2Fmedia&parent=494623"}],"wp:term":[{"taxonomy":"category","embeddable":true,"href":"http:\/\/www.zanetti.ch\/index.php?rest_route=%2Fwp%2Fv2%2Fcategories&post=494623"},{"taxonomy":"post_tag","embeddable":true,"href":"http:\/\/www.zanetti.ch\/index.php?rest_route=%2Fwp%2Fv2%2Ftags&post=494623"}],"curies":[{"name":"wp","href":"https:\/\/api.w.org\/{rel}","templated":true}]}}