{"id":494955,"date":"2021-03-22T13:38:51","date_gmt":"2021-03-22T12:38:51","guid":{"rendered":"https:\/\/www.zanetti.ch\/?p=494955"},"modified":"2021-03-22T13:38:51","modified_gmt":"2021-03-22T12:38:51","slug":"eine-weitere-erfolgsstory-der-eu","status":"publish","type":"post","link":"http:\/\/www.zanetti.ch\/?p=494955","title":{"rendered":"Eine weitere \u201cErfolgsstory\u201d der EU"},"content":{"rendered":"<p><strong><a href=\"https:\/\/i0.wp.com\/www.zanetti.ch\/wp-content\/uploads\/2017\/02\/800px-Hans_Kaufmann_2007.jpg?ssl=1\"><img data-recalc-dims=\"1\" loading=\"lazy\" decoding=\"async\" class=\" wp-image-1318 alignleft\" src=\"https:\/\/i0.wp.com\/www.zanetti.ch\/wp-content\/uploads\/2017\/02\/800px-Hans_Kaufmann_2007.jpg?resize=107%2C151&#038;ssl=1\" alt=\"\" width=\"107\" height=\"151\" srcset=\"https:\/\/i0.wp.com\/www.zanetti.ch\/wp-content\/uploads\/2017\/02\/800px-Hans_Kaufmann_2007.jpg?resize=213%2C300&amp;ssl=1 213w, https:\/\/i0.wp.com\/www.zanetti.ch\/wp-content\/uploads\/2017\/02\/800px-Hans_Kaufmann_2007.jpg?resize=768%2C1082&amp;ssl=1 768w, https:\/\/i0.wp.com\/www.zanetti.ch\/wp-content\/uploads\/2017\/02\/800px-Hans_Kaufmann_2007.jpg?resize=727%2C1024&amp;ssl=1 727w, https:\/\/i0.wp.com\/www.zanetti.ch\/wp-content\/uploads\/2017\/02\/800px-Hans_Kaufmann_2007.jpg?w=800&amp;ssl=1 800w\" sizes=\"auto, (max-width: 107px) 100vw, 107px\" \/><\/a>Ein Gastbeitrag von Hans Kaufmann, ehem. Nationalrat, Wettswil, \u00fcber die EU und deren gloriose Kommissionspr\u00e4sidentin.<br \/>\n<\/strong><!--more--><\/p>\n<p>Am 26. Dezember 2020 verk\u00fcndete EU-Kommissionspr\u00e4sidentin von der Leyen in ihrer vorgezogenen Neujahresansprache, eine weitere EU-Erfolgsstory:\u00a0 \u201cWe are starting to turn the page. Today is delivery day, and tomorrow vaccination against COVID-19 begins across the European Union. We protect our citizens together. The first vaccine against COVID-19 is available at the same time for all EU countries. And people will start to take vaccines in Athens, Rome, Helsinki, Sofia, you just name it. Our European Vaccination days are a touching moment of unity. And a European success story. \u00a0More vaccines will follow soon, once they are proven to be safe and effective. The European Union has secured enough doses of vaccines for our whole population of 450 million people.<\/p>\n<p>Der Tag, an dem die EU liefere, sei gekommen. Von der Leyen k\u00fcndigte einen gleichzeitigen Impfbeginn in allen EU-L\u00e4ndern und die Beschaffung von ausreichend Impfstoff f\u00fcr alle 450 Mio. EU-Einwohner an. Gemeint sind die bestellten 1.16 Mrd. Impfdosen, immerhin 3.5 pro Person, die aber nur verz\u00f6gert eintreffen Seither sind schon fast 3 Monate vergangen und einmal kann man nur staunen, wie das Volks das Versagen ihrer EU-Politelite ohne Widerrede hinnimmt. Nicht nur die Kommissionspr\u00e4sidentin, sondern auch der franz\u00f6sische EU-Kommiss\u00e4r f\u00fcr den Binnenmarkt \u00fcbte sich in kolossaler Selbst\u00fcbersch\u00e4tzung, indem er der EU-Bev\u00f6lkerung per Fernsehen weismachen wollte, dass die EU fast gleichviel Impfstoffe beschafft habe wie die USA. Er \u00fcbersah dabei, dass die EU nicht nur in absoluten Zahlen substanziell hinter der USA liegt, sondern dass die USA auch nur 73% der Bev\u00f6lkerung der EU aufweist.<\/p>\n<p>Ein Blick auf die j\u00fcngsten Impfzahlen (<a href=\"https:\/\/ourworldindata.org\/covid-vaccinations\">https:\/\/ourworldindata.org\/covid-vaccinations<\/a>) zeigt, dass in Grossbritannien bis zum 19. M\u00e4rz 2021 pro 100 Einwohner bereits 42.7 Impfungen verabreicht wurden, in den USA 36.3, in der Schweiz 13.6, in der EU aber erst 12.7. Dabei schwankt diese Zahl innerhalb der EU-L\u00e4nder massiv zwischen 31.8 pro 100 Einwohner in Malta bzw. 21.1 in Ungarn und 5.3 in Bulgarien. Die EU war somit nicht in der Lage, die Impfungen \u00fcberall gleichzeitig und gleichermassen breit zu verabreichen. Die grossen drei EU-L\u00e4nder liegen bei 12.8 (IT), 12.5 (DE) und 11.6 (FR). Vielleicht sollte sich der franz\u00f6sische Super-EU-Kommiss\u00e4r vorerst einmal um das Wohlergehen seines Heimatlandes k\u00fcmmern, bevor er sich in Br\u00fcssel als Superminister aufspielt. Er m\u00fcsste sich auch fragen, warum sich die Pharmaindustrie in den letzten Jahren zusehends aus Europa abgesetzt hat. Liegt dies vielleicht daran, dass sich in der EU Forschung in grossem Stil wegen der Preiskontrollen und erzwungenen Preissenkungen, der st\u00e4ndigen Verbalattacken der Politik gegen ertragsstarke Grosskonzerne, Forderungen nach Zwangslizenzen f\u00fcr Dritte und die Forcierung von Nachahmerprodukten, Forschung nicht mehr lohnen.\u00a0 Die EU liegt punkto Impfungen um Meilen hinter den USA und Grossbritannien zur\u00fcck. Im K\u00f6nigreich spricht man deshalb bereits von Gl\u00fcck, dass man noch zum Jahresende 2020 den Absprung aus der EU geschafft hat, sonst w\u00fcrde man wohl noch immer auf Impfstoffe aus dem EU-Kontingent warten.<\/p>\n<p>Wenn man das Impf-Chaos der EU, die Beschaffungsfehler und L\u00fcgen \u00fcber den Ausschluss von Haftungen f\u00fcr die EU, die Exportverbote von Astra\/Zenica-Impfstoffen der EU und die gleichzeitige Einstellung der Impfungen mit diesem Impfstoff f\u00fcr mehrere Tage in mehreren L\u00e4ndern, dann kann man sich \u00fcber die Naivit\u00e4t einer EU-Kommissionspr\u00e4sidentin nur wundern. Dazu kommen privaten Gesch\u00e4fte von ehrenwerten b\u00fcrgerlichen Politikern in Deutschland, die sich f\u00fcr ihre guten Dienste bei der staatlichen Maskenbeschaffung sechsstellige Beraterhonorare gutschreiben liessen. Inzwischen haben einige EU-L\u00e4nder bereits auf Impfstoffe aus Russland und China zur\u00fcckgegriffen, die von der EU-Medikamenten-Zulassungsbeh\u00f6rden erst noch gepr\u00fcft werden m\u00fcssen, was mehrere Monate dauern soll. Selbst das Pr\u00fcftempo f\u00fcr diese anderswo bereits eingesetzten Impfstoffe ist offensichtlich politisch motiviert.<\/p>\n\n<div class=\"twitter-share\"><a href=\"https:\/\/twitter.com\/intent\/tweet?via=zac1967\" class=\"twitter-share-button\" data-size=\"large\">Twittern<\/a><\/div>\n","protected":false},"excerpt":{"rendered":"<p>Ein Gastbeitrag von Hans Kaufmann, ehem. Nationalrat, Wettswil, \u00fcber die EU und deren gloriose Kommissionspr\u00e4sidentin.<\/p>\n","protected":false},"author":1,"featured_media":0,"comment_status":"open","ping_status":"open","sticky":false,"template":"","format":"standard","meta":{"_exactmetrics_skip_tracking":false,"_exactmetrics_sitenote_active":false,"_exactmetrics_sitenote_note":"","_exactmetrics_sitenote_category":0,"jetpack_post_was_ever_published":false,"_jetpack_newsletter_access":"","_jetpack_dont_email_post_to_subs":false,"_jetpack_newsletter_tier_id":0,"_jetpack_memberships_contains_paywalled_content":false,"_jetpack_memberships_contains_paid_content":false,"footnotes":"","jetpack_publicize_message":"","jetpack_publicize_feature_enabled":true,"jetpack_social_post_already_shared":true,"jetpack_social_options":{"image_generator_settings":{"template":"highway","default_image_id":0,"font":"","enabled":false},"version":2}},"categories":[1],"tags":[],"class_list":["post-494955","post","type-post","status-publish","format-standard","hentry","category-allgemein"],"jetpack_publicize_connections":[],"jetpack_featured_media_url":"","jetpack_sharing_enabled":true,"jetpack_shortlink":"https:\/\/wp.me\/p6ORi5-24L9","_links":{"self":[{"href":"http:\/\/www.zanetti.ch\/index.php?rest_route=\/wp\/v2\/posts\/494955","targetHints":{"allow":["GET"]}}],"collection":[{"href":"http:\/\/www.zanetti.ch\/index.php?rest_route=\/wp\/v2\/posts"}],"about":[{"href":"http:\/\/www.zanetti.ch\/index.php?rest_route=\/wp\/v2\/types\/post"}],"author":[{"embeddable":true,"href":"http:\/\/www.zanetti.ch\/index.php?rest_route=\/wp\/v2\/users\/1"}],"replies":[{"embeddable":true,"href":"http:\/\/www.zanetti.ch\/index.php?rest_route=%2Fwp%2Fv2%2Fcomments&post=494955"}],"version-history":[{"count":1,"href":"http:\/\/www.zanetti.ch\/index.php?rest_route=\/wp\/v2\/posts\/494955\/revisions"}],"predecessor-version":[{"id":494956,"href":"http:\/\/www.zanetti.ch\/index.php?rest_route=\/wp\/v2\/posts\/494955\/revisions\/494956"}],"wp:attachment":[{"href":"http:\/\/www.zanetti.ch\/index.php?rest_route=%2Fwp%2Fv2%2Fmedia&parent=494955"}],"wp:term":[{"taxonomy":"category","embeddable":true,"href":"http:\/\/www.zanetti.ch\/index.php?rest_route=%2Fwp%2Fv2%2Fcategories&post=494955"},{"taxonomy":"post_tag","embeddable":true,"href":"http:\/\/www.zanetti.ch\/index.php?rest_route=%2Fwp%2Fv2%2Ftags&post=494955"}],"curies":[{"name":"wp","href":"https:\/\/api.w.org\/{rel}","templated":true}]}}