{"id":495125,"date":"2022-05-20T10:46:34","date_gmt":"2022-05-20T08:46:34","guid":{"rendered":"https:\/\/www.zanetti.ch\/?p=495125"},"modified":"2022-05-20T11:13:53","modified_gmt":"2022-05-20T09:13:53","slug":"die-washington-post-hat-ein-problem-mit-george-washington","status":"publish","type":"post","link":"http:\/\/www.zanetti.ch\/?p=495125","title":{"rendered":"Die &#8222;Washington Post&#8220; hat ein Problem mit George Washington"},"content":{"rendered":"<p><em>Ausgerechnet in der \u00abWashington Post\u00bb wird ein neuer Name f\u00fcr die George Washington Universit\u00e4t gefordert. Sogar die US-Hauptstadt soll umbenannt werden, weil der erste Pr\u00e4sident Sklavenhalter war.<\/em><!--more--><\/p>\n<p>Die Raserei des woken Mobs kennt keine Grenzen. Als Donald Trump die Bilderst\u00fcrmerei 2017 kritisierte und fragte, ob als n\u00e4chstes auch George Washington und andere Gr\u00fcnderv\u00e4ter von ihren Sockeln gestossen w\u00fcrden, wurde er deswegen verspottet und der \u00dcbertreibung und L\u00fcge bezichtig. Weder Washington noch Jefferson seien \u00abdie N\u00e4chsten\u00bb, hiess es beispielsweise bei NBC News. Allerdings sei die Sache kompliziert\u2026<\/p>\n<p>Nun scheint sie sich gekl\u00e4rt zu haben. Washington stehe f\u00fcr den \u00dcberlegenheitsd\u00fcnkel der Weissen und f\u00fcr den systemischen Rassismus der US-Gesellschaft. Sein Name m\u00fcsse daher aus dem kollektiven Bewusstsein gel\u00f6scht werden. Im Zuge der grossen S\u00e4uberung sollen auch gleich James Madison, Winston Churchill und einige andere der \u00abdamnatio memoriae\u00bb anheimfallen.<\/p>\n<p>Wo Irrationalismus herrscht, ist mit vern\u00fcnftigen Argumenten nichts auszurichten. Dummen Menschen zeichnen sich dadurch aus, dass ihnen der Wille fehlt, sich mit anderen Zeitumst\u00e4nden auseinanderzusetzen. Sie k\u00fcmmert nicht, dass Washington seine Sklaven im Alter von 11 Jahren erbte und sie testamentarisch auf den Tod seiner Frau hin in die Freiheit entliess. In der neuen bunten Welt der linken Fanatiker gibt es nur schwarz und weiss.<\/p>\n<p>Selbst der britische K\u00f6nig George III, der nach einem erbittert gef\u00fchrten Krieg 13 Kolonien in die Unabh\u00e4ngigkeit entlassen musste, erkannte die Gr\u00f6sse George Washingtons. Als er erfuhr, dass Washington die K\u00f6nigskrone abgelehnt hatte, die ihm in der allgemeinen Begeisterung angetragen wurde, erkl\u00e4rte er: \u00abDamit ist er der gr\u00f6sste Mensch auf der Welt.\u00bb<\/p>\n<figure class=\"wp-block-embed wp-block-embed-youtube is-type-video is-provider-youtube epyt-figure\"><div class=\"wp-block-embed__wrapper\"><iframe loading=\"lazy\"  style=\"display: block; margin: 0px auto;\"  id=\"_ytid_22975\"  width=\"474\" height=\"267\"  data-origwidth=\"474\" data-origheight=\"267\" src=\"https:\/\/www.youtube.com\/embed\/5zTSZiX-zig?enablejsapi=1&autoplay=0&cc_load_policy=0&cc_lang_pref=&iv_load_policy=1&loop=0&rel=1&fs=1&playsinline=0&autohide=2&theme=dark&color=red&controls=1&disablekb=0&\" class=\"__youtube_prefs__  no-lazyload\" title=\"YouTube player\"  allow=\"fullscreen; accelerometer; autoplay; clipboard-write; encrypted-media; gyroscope; picture-in-picture; web-share\" referrerpolicy=\"strict-origin-when-cross-origin\" allowfullscreen data-no-lazy=\"1\" data-skipgform_ajax_framebjll=\"\"><\/iframe><\/div><\/figure>\n\n<div class=\"twitter-share\"><a href=\"https:\/\/twitter.com\/intent\/tweet?via=zac1967\" class=\"twitter-share-button\" data-size=\"large\">Twittern<\/a><\/div>\n","protected":false},"excerpt":{"rendered":"<p>Ausgerechnet in der \u00abWashington Post\u00bb wird ein neuer Name f\u00fcr die George Washington Universit\u00e4t gefordert. Sogar die US-Hauptstadt soll umbenannt werden, weil der erste Pr\u00e4sident Sklavenhalter war.<\/p>\n","protected":false},"author":1,"featured_media":495127,"comment_status":"open","ping_status":"open","sticky":false,"template":"","format":"standard","meta":{"_exactmetrics_skip_tracking":false,"_exactmetrics_sitenote_active":false,"_exactmetrics_sitenote_note":"","_exactmetrics_sitenote_category":0,"jetpack_post_was_ever_published":false,"_jetpack_newsletter_access":"","_jetpack_dont_email_post_to_subs":false,"_jetpack_newsletter_tier_id":0,"_jetpack_memberships_contains_paywalled_content":false,"_jetpack_memberships_contains_paid_content":false,"footnotes":"","jetpack_publicize_message":"","jetpack_publicize_feature_enabled":true,"jetpack_social_post_already_shared":true,"jetpack_social_options":{"image_generator_settings":{"template":"highway","default_image_id":0,"font":"","enabled":false},"version":2}},"categories":[5],"tags":[],"class_list":["post-495125","post","type-post","status-publish","format-standard","has-post-thumbnail","hentry","category-staat-und-demokratie"],"jetpack_publicize_connections":[],"jetpack_featured_media_url":"https:\/\/i0.wp.com\/www.zanetti.ch\/wp-content\/uploads\/2022\/05\/Gen-Washington-Crossing-the-Delaware-Emanuel-Leutze-December-25-1776.webp?fit=1600%2C926&ssl=1","jetpack_sharing_enabled":true,"jetpack_shortlink":"https:\/\/wp.me\/p6ORi5-24NT","_links":{"self":[{"href":"http:\/\/www.zanetti.ch\/index.php?rest_route=\/wp\/v2\/posts\/495125","targetHints":{"allow":["GET"]}}],"collection":[{"href":"http:\/\/www.zanetti.ch\/index.php?rest_route=\/wp\/v2\/posts"}],"about":[{"href":"http:\/\/www.zanetti.ch\/index.php?rest_route=\/wp\/v2\/types\/post"}],"author":[{"embeddable":true,"href":"http:\/\/www.zanetti.ch\/index.php?rest_route=\/wp\/v2\/users\/1"}],"replies":[{"embeddable":true,"href":"http:\/\/www.zanetti.ch\/index.php?rest_route=%2Fwp%2Fv2%2Fcomments&post=495125"}],"version-history":[{"count":3,"href":"http:\/\/www.zanetti.ch\/index.php?rest_route=\/wp\/v2\/posts\/495125\/revisions"}],"predecessor-version":[{"id":495128,"href":"http:\/\/www.zanetti.ch\/index.php?rest_route=\/wp\/v2\/posts\/495125\/revisions\/495128"}],"wp:featuredmedia":[{"embeddable":true,"href":"http:\/\/www.zanetti.ch\/index.php?rest_route=\/wp\/v2\/media\/495127"}],"wp:attachment":[{"href":"http:\/\/www.zanetti.ch\/index.php?rest_route=%2Fwp%2Fv2%2Fmedia&parent=495125"}],"wp:term":[{"taxonomy":"category","embeddable":true,"href":"http:\/\/www.zanetti.ch\/index.php?rest_route=%2Fwp%2Fv2%2Fcategories&post=495125"},{"taxonomy":"post_tag","embeddable":true,"href":"http:\/\/www.zanetti.ch\/index.php?rest_route=%2Fwp%2Fv2%2Ftags&post=495125"}],"curies":[{"name":"wp","href":"https:\/\/api.w.org\/{rel}","templated":true}]}}