{"id":745,"date":"2015-11-16T16:49:52","date_gmt":"2015-11-16T15:49:52","guid":{"rendered":"http:\/\/www.zanetti.ch\/?p=745"},"modified":"2015-11-16T17:41:56","modified_gmt":"2015-11-16T16:41:56","slug":"ein-qualitaetsjournalist-der-uebleren-sorte","status":"publish","type":"post","link":"http:\/\/www.zanetti.ch\/?p=745","title":{"rendered":"Ein Qualit\u00e4tsjournalist der \u00fcbleren Sorte"},"content":{"rendered":"<p>Leo Klimm nennt sich Wirtschaftskorrespondent und schreibt f\u00fcr linkslastige Zeitungen, wie die <a href=\"http:\/\/www.sueddeutsche.de\/\" target=\"_blank\">\u201eS\u00fcddeutsche\u201c<\/a> oder den <a href=\"http:\/\/www.tagesanzeiger.ch\/\" target=\"_blank\">\u201eTages-Anzeiger\u201c<\/a>, die sich gerne \u201eQualit\u00e4tszeitungen\u201c nennen. Qualit\u00e4t ist allerdings Herrn Klimms Sache nicht. Er will nicht informieren, sondern f\u00fchlt sich zu h\u00f6herem berufen. Zur Erf\u00fcllung seiner politischen Mission biegt er die Realit\u00e4t gnadenlos zurecht. Egal, was Sache ist, egal, was er macht, der politische Gegner soll verunglimpft werden.<!--more--><\/p>\n<p><a href=\"http:\/\/www.tagesanzeiger.ch\/ausland\/europa\/Schattenkampf-in-Zeiten-des-Terrors\/story\/26840793\" target=\"_blank\">In diesem Artikel<\/a> etwa f\u00e4ngt er schon im ersten Satz damit an, seine Leserinnen und Leser zu manipulieren: <em>\u201eDieses Mal reagiert Marine Le Pen anders als nach den Attentaten vom Januar [auf die Redaktion von Charlie Hebdo]\u201c.<\/em> Etwas weiter im Text heisst es: <em>\u201eAuch die Einladung Hollandes zu einem Krisengespr\u00e4ch, die sie ebenso wie andere Vorsitzende franz\u00f6sischer Parteien erhielt, hat die FN-Chefin am Sonntag angenommen.\u201c<\/em><\/p>\n<p>Wie mit einer blossen Internet-Recherche innert Sekunden festzustellen gewesen w\u00e4re, ist es nicht Marine Le Pen, die anders reagierte, sondern Staatspr\u00e4sident Hollande und mit ihm das relevante politische Establishment. <a href=\"http:\/\/mobile2.tagesanzeiger.ch\/articles\/30536175\" target=\"_blank\">Sogar im Tages-Anzeiger, f\u00fcr den Klimm seinen Erguss produzierte, ist nachzulesen, dass Frau Le Pen zum letzten \u201eSchulterschluss der Republik\u201c gar nicht eingeladen wurde. Nicht, weil sie vergessen ging. Sie sollte bewusst ausgegrenzt werden.<\/a><\/p>\n<p>W\u00f6rtlich heisst es: <em>\u201eDie linken Parteien im Organisationskomitee f\u00fcr den grossen Trauermarsch, der am Sonntagnachmittag in Paris stattfinden soll, wollen den Front National nicht dabeihaben. Sie luden Le Pen schon gar nicht zur Planungssitzung ein, als einzige Partei. Der FN, liessen sie ausrichten, sei keine republikanische Formation. Er teile das Volk nach ethnischen und religi\u00f6sen Kategorien ein, verletze damit die Ideale der Republik und habe deshalb auch keinen Platz in einer \u00abMarche r\u00e9publicaine\u00bb.<\/em><\/p>\n<p><em>Das linke Wochenmagazin \u00abL\u2019 Obs\u00bb ging in seinem Kommentar noch etwas weiter: \u00abDie Pr\u00e4senz der extremen Rechten\u00bb, schreibt einer seiner Leitartikler, \u00abw\u00fcrde das Gedenken an Cabu, Charb, Wolinski und an alle anderen Opfer besudeln.\u00bb Die get\u00f6teten Karikaturisten von \u00abCharlie Hebdo\u00bb waren erkl\u00e4rte Gegner des Front National, immer. Die Archive der Zeitung dienen als Testament: Die Zeichnungen \u00fcber das Personal des FN waren stets besonders virulent, oft vulg\u00e4r. Marine Le Pens Kandidatur bei den letzten Pr\u00e4sidentschaftswahlen karikierten die Satiriker als rauchendes Exkrementh\u00e4ufchen.\u201c<\/em> \u2013 Der gute Stil, der die hiesige Linke auszeichnet, hat also auch in Frankreich seine Anh\u00e4nger.<\/p>\n<p>Immerhin ist anzumerken, dass es Oliver Meiler, dem TA-Korrespondenten in Paris nicht ganz wohl war, als er \u00fcber das undemokratische Vorgehen schrieb. Er emp\u00f6rt sich zwar \u00fcber Le Pens \u00c4usserungen, zitiert sie aber immerhin korrekt. Und diese Zitate lesen sich heute wie Prophezeiungen. Das w\u00e4re doch einmal ein Thema f\u00fcr einen Qualit\u00e4tsjournalisten.<\/p>\n\n<div class=\"twitter-share\"><a href=\"https:\/\/twitter.com\/intent\/tweet?via=zac1967\" class=\"twitter-share-button\" data-size=\"large\">Twittern<\/a><\/div>\n","protected":false},"excerpt":{"rendered":"<p>Leo Klimm nennt sich Wirtschaftskorrespondent und schreibt f\u00fcr linkslastige Zeitungen, wie die \u201eS\u00fcddeutsche\u201c oder den \u201eTages-Anzeiger\u201c, die sich gerne \u201eQualit\u00e4tszeitungen\u201c nennen. Qualit\u00e4t ist allerdings Herrn Klimms Sache nicht. Er will nicht informieren, sondern f\u00fchlt sich zu h\u00f6herem berufen. Zur Erf\u00fcllung seiner politischen Mission biegt er die Realit\u00e4t gnadenlos zurecht. Egal, was Sache ist, egal, was &hellip; <a href=\"http:\/\/www.zanetti.ch\/?p=745\" class=\"more-link\"><span class=\"screen-reader-text\">Ein Qualit\u00e4tsjournalist der \u00fcbleren Sorte<\/span> weiterlesen <span class=\"meta-nav\">&rarr;<\/span><\/a><\/p>\n","protected":false},"author":1,"featured_media":0,"comment_status":"open","ping_status":"open","sticky":false,"template":"","format":"standard","meta":{"_exactmetrics_skip_tracking":false,"_exactmetrics_sitenote_active":false,"_exactmetrics_sitenote_note":"","_exactmetrics_sitenote_category":0,"jetpack_post_was_ever_published":false,"_jetpack_newsletter_access":"","_jetpack_dont_email_post_to_subs":false,"_jetpack_newsletter_tier_id":0,"_jetpack_memberships_contains_paywalled_content":false,"_jetpack_memberships_contains_paid_content":false,"footnotes":"","jetpack_publicize_message":"","jetpack_publicize_feature_enabled":true,"jetpack_social_post_already_shared":true,"jetpack_social_options":{"image_generator_settings":{"template":"highway","default_image_id":0,"font":"","enabled":false},"version":2}},"categories":[7],"tags":[246,245,45,244],"class_list":["post-745","post","type-post","status-publish","format-standard","hentry","category-medien","tag-charlie-hebdo","tag-marine-le-pen","tag-qualitaetsjournalismus","tag-tages-anzeiger"],"jetpack_publicize_connections":[],"jetpack_featured_media_url":"","jetpack_sharing_enabled":true,"jetpack_shortlink":"https:\/\/wp.me\/p6ORi5-c1","_links":{"self":[{"href":"http:\/\/www.zanetti.ch\/index.php?rest_route=\/wp\/v2\/posts\/745","targetHints":{"allow":["GET"]}}],"collection":[{"href":"http:\/\/www.zanetti.ch\/index.php?rest_route=\/wp\/v2\/posts"}],"about":[{"href":"http:\/\/www.zanetti.ch\/index.php?rest_route=\/wp\/v2\/types\/post"}],"author":[{"embeddable":true,"href":"http:\/\/www.zanetti.ch\/index.php?rest_route=\/wp\/v2\/users\/1"}],"replies":[{"embeddable":true,"href":"http:\/\/www.zanetti.ch\/index.php?rest_route=%2Fwp%2Fv2%2Fcomments&post=745"}],"version-history":[{"count":4,"href":"http:\/\/www.zanetti.ch\/index.php?rest_route=\/wp\/v2\/posts\/745\/revisions"}],"predecessor-version":[{"id":750,"href":"http:\/\/www.zanetti.ch\/index.php?rest_route=\/wp\/v2\/posts\/745\/revisions\/750"}],"wp:attachment":[{"href":"http:\/\/www.zanetti.ch\/index.php?rest_route=%2Fwp%2Fv2%2Fmedia&parent=745"}],"wp:term":[{"taxonomy":"category","embeddable":true,"href":"http:\/\/www.zanetti.ch\/index.php?rest_route=%2Fwp%2Fv2%2Fcategories&post=745"},{"taxonomy":"post_tag","embeddable":true,"href":"http:\/\/www.zanetti.ch\/index.php?rest_route=%2Fwp%2Fv2%2Ftags&post=745"}],"curies":[{"name":"wp","href":"https:\/\/api.w.org\/{rel}","templated":true}]}}