{"id":9,"date":"2008-09-30T13:08:04","date_gmt":"2008-09-30T11:08:04","guid":{"rendered":"http:\/\/www.blog.zanetti.ch\/?p=9"},"modified":"2008-10-22T23:38:33","modified_gmt":"2008-10-22T21:38:33","slug":"die-exekutive-hat-zu-vollziehen-sonst-nichts","status":"publish","type":"post","link":"http:\/\/www.zanetti.ch\/?p=9","title":{"rendered":"Die Exekutive hat zu vollziehen, sonst nichts"},"content":{"rendered":"<p><meta http-equiv=\"Content-Type\" content=\"text\/html; charset=utf-8\" \/><meta name=\"ProgId\" content=\"Word.Document\" \/><meta name=\"Generator\" content=\"Microsoft Word 10\" \/><meta name=\"Originator\" content=\"Microsoft Word 10\" \/>\n<link href=\"file:\/\/\/C:%5CDOKUME%7E1%5CADMINI%7E1%5CLOKALE%7E1%5CTemp%5Cmsohtml1%5C01%5Cclip_filelist.xml\" rel=\"File-List\" \/><!--[if gte mso 9]><xml>  <w:WordDocument>   <w:View>Normal<\/w:View>   <w:Zoom>0<\/w:Zoom>   <w:HyphenationZone>21<\/w:HyphenationZone>   <w:Compatibility>    <w:BreakWrappedTables\/>    <w:SnapToGridInCell\/>    <w:WrapTextWithPunct\/>    <w:UseAsianBreakRules\/>   <\/w:Compatibility>   <w:BrowserLevel>MicrosoftInternetExplorer4<\/w:BrowserLevel>  <\/w:WordDocument> <\/xml><![endif]--><\/p>\n<style> <!--  \/* Style Definitions *\/  p.MsoNormal, li.MsoNormal, div.MsoNormal \t{mso-style-parent:\"\"; \tmargin:0cm; \tmargin-bottom:.0001pt; \tmso-pagination:widow-orphan; \tfont-size:12.0pt; \tfont-family:Arial; \tmso-fareast-font-family:\"Times New Roman\"; \tmso-bidi-font-family:Arial; \tmso-bidi-language:AR-SA;} @page Section1 \t{size:595.3pt 841.9pt; \tmargin:70.85pt 70.85pt 2.0cm 70.85pt; \tmso-header-margin:35.4pt; \tmso-footer-margin:35.4pt; \tmso-paper-source:0;} div.Section1 \t{page:Section1;} --> <\/style>\n<p><!--[if gte mso 10]>\n\n\n\n<style>  \/* Style Definitions *\/  table.MsoNormalTable \t{mso-style-name:\"Normale Tabelle\"; \tmso-tstyle-rowband-size:0; \tmso-tstyle-colband-size:0; \tmso-style-noshow:yes; \tmso-style-parent:\"\"; \tmso-padding-alt:0cm 5.4pt 0cm 5.4pt; \tmso-para-margin:0cm; \tmso-para-margin-bottom:.0001pt; \tmso-pagination:widow-orphan; \tfont-size:10.0pt; \tfont-family:\"Times New Roman\";} <\/style>\n\n <![endif]--><\/p>\n<p class=\"MsoNormal\"><span>Im Grunde ist die Sache mit der Gewaltenteilung sehr einfach: Die Legislative bestimmt, was die Exekutive umzusetzen hat, und die Justiz wacht \u00fcber die Einhaltung der Gesetze. H\u00f6chste Gewalt ist also das Parlament, die Legislative, zu der wir in unserer Referendumsdemokratie der Einfachheit halber auch das Volk z\u00e4hlen wollen. <\/span><span><o:p><\/o:p><\/span><\/p>\n<p class=\"MsoNormal\"><span><o:p>\u00a0<\/o:p><\/span><\/p>\n<p class=\"MsoNormal\" style=\"margin-bottom: 6pt\">Immer mehr Staatsdiener der Exekutive bekunden allerdings M\u00fche mit der Aufgabe \u201enur\u201c zu \u201evollziehen und zu verwalten\u201c, wie es die Verfassung von ihnen verlangt. Nicht nur Bundesr\u00e4te, sogar Stadtpr\u00e4sidenten geb\u00e4rden sich immer mehr wie Monarchen. Ja selbst ausgemusterte Armeechefs f\u00fchlen sich legitimiert, die Bundesversammlung (gem\u00e4ss BV die oberste Gewalt des Bundes) zu beschimpfen. Und neuerdings kritisieren Regierungsr\u00e4te sogar Volksentscheide in anderen Kantonen. Sie haben dazu mit der Konferenz der Kantonsregierungen sogar eine eigene Organisation ins Leben gerufen. Die eigenen Parlamente wurden dazu selbstredend nicht einmal befragt.<\/p>\n<p class=\"MsoNormal\" style=\"margin-bottom: 6pt\"><o:p>\u00a0<\/o:p><\/p>\n<p class=\"MsoNormal\" style=\"margin-bottom: 6pt\">Noch grotesker wird es freilich auf Stufe EU, wo Demokratie bloss als l\u00e4stig empfunden wird. Die Exekutiven der Mitgliedstaaten haben sich vereinigt und agieren ohne demokratische Kontrolle. Die Parlamente haben immer mehr bloss noch die Aufgabe, das umzusetzen, was in Br\u00fcssel beschlossen wird. Dass man sie dort entsprechend gering sch\u00e4tzt, liegt auf der Hand. Auch die Br\u00fcsseler B\u00fcrokraten verteilen lieber Zensuren, als im eigenen Zust\u00e4ndigkeitsbereich Probleme zu l\u00f6sen. Ein besonders sch\u00f6nes Beispiel lieferte in diesen Tagen EU-Handelskommissar Peter Mandelson, als er die Ablehnung des milliardenschweren Pakets durch den US-Kongress scharf kritisierte. Die Abgeordneten seien &#8222;von allen guten Geistern verlassen&#8220;. Was f\u00e4llt dem Mann eigentlich ein?<o:p><\/o:p><\/p>\n<p class=\"MsoNormal\"><o:p>\u00a0<\/o:p><\/p>\n\n<div class=\"twitter-share\"><a href=\"https:\/\/twitter.com\/intent\/tweet?via=zac1967\" class=\"twitter-share-button\" data-size=\"large\">Twittern<\/a><\/div>\n","protected":false},"excerpt":{"rendered":"<p>Im Grunde ist die Sache mit der Gewaltenteilung sehr einfach: Die Legislative bestimmt, was die Exekutive umzusetzen hat, und die Justiz wacht \u00fcber die Einhaltung der Gesetze. H\u00f6chste Gewalt ist also das Parlament, die Legislative, zu der wir in unserer Referendumsdemokratie der Einfachheit halber auch das Volk z\u00e4hlen wollen. \u00a0 Immer mehr Staatsdiener der Exekutive &hellip; <a href=\"http:\/\/www.zanetti.ch\/?p=9\" class=\"more-link\"><span class=\"screen-reader-text\">Die Exekutive hat zu vollziehen, sonst nichts<\/span> weiterlesen <span class=\"meta-nav\">&rarr;<\/span><\/a><\/p>\n","protected":false},"author":1,"featured_media":0,"comment_status":"open","ping_status":"open","sticky":false,"template":"","format":"standard","meta":{"_exactmetrics_skip_tracking":false,"_exactmetrics_sitenote_active":false,"_exactmetrics_sitenote_note":"","_exactmetrics_sitenote_category":0,"jetpack_post_was_ever_published":false,"_jetpack_newsletter_access":"","_jetpack_dont_email_post_to_subs":false,"_jetpack_newsletter_tier_id":0,"_jetpack_memberships_contains_paywalled_content":false,"_jetpack_memberships_contains_paid_content":false,"footnotes":"","jetpack_publicize_message":"","jetpack_publicize_feature_enabled":true,"jetpack_social_post_already_shared":false,"jetpack_social_options":{"image_generator_settings":{"template":"highway","default_image_id":0,"font":"","enabled":false},"version":2}},"categories":[1,5],"tags":[],"class_list":["post-9","post","type-post","status-publish","format-standard","hentry","category-allgemein","category-staat-und-demokratie"],"jetpack_publicize_connections":[],"jetpack_featured_media_url":"","jetpack_sharing_enabled":true,"jetpack_shortlink":"https:\/\/wp.me\/p6ORi5-9","_links":{"self":[{"href":"http:\/\/www.zanetti.ch\/index.php?rest_route=\/wp\/v2\/posts\/9","targetHints":{"allow":["GET"]}}],"collection":[{"href":"http:\/\/www.zanetti.ch\/index.php?rest_route=\/wp\/v2\/posts"}],"about":[{"href":"http:\/\/www.zanetti.ch\/index.php?rest_route=\/wp\/v2\/types\/post"}],"author":[{"embeddable":true,"href":"http:\/\/www.zanetti.ch\/index.php?rest_route=\/wp\/v2\/users\/1"}],"replies":[{"embeddable":true,"href":"http:\/\/www.zanetti.ch\/index.php?rest_route=%2Fwp%2Fv2%2Fcomments&post=9"}],"version-history":[{"count":0,"href":"http:\/\/www.zanetti.ch\/index.php?rest_route=\/wp\/v2\/posts\/9\/revisions"}],"wp:attachment":[{"href":"http:\/\/www.zanetti.ch\/index.php?rest_route=%2Fwp%2Fv2%2Fmedia&parent=9"}],"wp:term":[{"taxonomy":"category","embeddable":true,"href":"http:\/\/www.zanetti.ch\/index.php?rest_route=%2Fwp%2Fv2%2Fcategories&post=9"},{"taxonomy":"post_tag","embeddable":true,"href":"http:\/\/www.zanetti.ch\/index.php?rest_route=%2Fwp%2Fv2%2Ftags&post=9"}],"curies":[{"name":"wp","href":"https:\/\/api.w.org\/{rel}","templated":true}]}}