{"id":918,"date":"2016-01-13T20:36:57","date_gmt":"2016-01-13T19:36:57","guid":{"rendered":"http:\/\/www.zanetti.ch\/?p=918"},"modified":"2016-01-14T01:05:15","modified_gmt":"2016-01-14T00:05:15","slug":"rafael-von-matts-lockerer-umgang-von-mit-den-fakten","status":"publish","type":"post","link":"http:\/\/www.zanetti.ch\/?p=918","title":{"rendered":"Rafael von Matts lockerer Umgang mit den Fakten"},"content":{"rendered":"<p>Auf Einladung der Kantonsschule Uster nahm ich heute anl\u00e4sslich des \u201eTags der Bildung\u201c an einer Podiumsdiskussion teil. Weitere Teilnehmer waren Kantonsr\u00e4tin Barbara Bussmann (SP), Kantonsr\u00e4tin Karin Fehr (Gr\u00fcne), Kantonsrat Christoph Ziegler (glp) und Kantonsrat Alex Gantner (FDP).<!--more--><\/p>\n<p>In der Runde herrschte Konsens, dass, wenn schon gespart werden muss, auch der Bildungssektor einen Beitrag leisten soll. Ebenfalls Einigkeit herrschte in der Frage, dass man intelligent und unintelligent sparen kann, und es deshalb Aufgabe der Politik sei, die am wenigsten nachteilige Variante zu finden und zum Beschluss zu erheben.<\/p>\n<p>Moderiert wurde die Runde von Radio SRF-Moderator Raphael von Matt, der danach einen Beitrag f\u00fcr das\u00a0 <a href=\"http:\/\/www.srf.ch\/play\/radio\/popupaudioplayer?id=9a67671e-f9e3-4ff0-82d3-a06e5344bdae#\/t=2\" target=\"_blank\">\u201eEcho der Zeit\u201c<\/a> fabrizierte. Darin heisst es w\u00f6rtlich: \u201e[\u2026] Ansetzen w\u00fcrde Zanetti vor allem bei den Lehrerl\u00f6hnen.\u201c Das ist eine glatte L\u00fcge. Eine, die perfekt zum vorangegangenen <a href=\"http:\/\/www.srf.ch\/play\/radio\/popupaudioplayer?id=19178786-2627-483d-bd7e-e9464ffbafc9\" target=\"_blank\">Regionaljournal ZH\/SH<\/a> passt. SRF versteht sich als Partei.<\/p>\n<p><strong>Verdrehung meiner Aussage<\/strong><\/p>\n<p>Was wurde tats\u00e4chlich gesagt? Einige Dutzend Zeugen und eine Video-Aufzeichnung werden Folgendes best\u00e4tigen: Zu Beginn der Diskussion stellten die beiden Vertreterinnen der Linken klar, dass die Lehrerl\u00f6hne f\u00fcr sie tabu sind. Darauf wurde nicht weiter eingegangen. Erst sp\u00e4ter wollte der Moderator von Sch\u00fclern und dann auch von mir wissen, was von einem Abbau der Freif\u00e4cher zu halten sei. Ich f\u00fchrte aus, dass ich das nicht f\u00fcr eine gute L\u00f6sung halte, schliesslich gehe es an einer Kantonsschule darum, m\u00f6glichst viel Wissen zu vermitteln. Und weiter \u2013 jetzt kommt\u2019s! \u2013 sagte ich, dass ich hinsichtlich der Lehrerl\u00f6hne weniger Skrupel habe, als meine gesch\u00e4tzten ehemaligen Ratskolleginnen. Daraus ein \u201evor allem\u201c zu machen ist eine klare Verdrehung meiner Aussage. Dies erst recht, weil ich auch heute in Uster mit Nachdruck wiederholte, wo man in erster Linie sparen muss. Seit Jahren behaupte ich: Wir bauen viel zu teuer. Es fliesst zu viel Geld in Beton und in die Taschen der Architekten anstatt in die Verbesserung der Bildungsqualit\u00e4t. Als Beispiele f\u00fchrte ich den hundert Millionen teuren Bau eines Primarschulhauses in der Stadt Z\u00fcrich an sowie die Auflage der kantonalen Baudirektion, ein Mittelschulgeb\u00e4ude in Winterthur f\u00fcr ein 300-Jahr-Hochwasser zu r\u00fcsten.<\/p>\n<p>Ferner wies ich darauf hin, dass die regierungsr\u00e4tlichen Vorgaben nicht zwingend durch Einsparungen zu erreichen seien, sondern, dass eine <em>Saldoverbesserung<\/em> verlangt sei. Eine solche w\u00e4re beispielsweise durch die im Bauprojekt f\u00fcr Uster vorgesehene Parkplatzbewirtschaftung zu erreichen gewesen. Doch in ihrem krankhaften Hass auf Automobile verzichtete die vereinigte Linke im (alten) Kantonsrat auf diese Entlastung. Doch davon kein Wort in von Matts Beitrag.<\/p>\n\n<div class=\"twitter-share\"><a href=\"https:\/\/twitter.com\/intent\/tweet?via=zac1967\" class=\"twitter-share-button\" data-size=\"large\">Twittern<\/a><\/div>\n","protected":false},"excerpt":{"rendered":"<p>Auf Einladung der Kantonsschule Uster nahm ich heute anl\u00e4sslich des \u201eTags der Bildung\u201c an einer Podiumsdiskussion teil. Weitere Teilnehmer waren Kantonsr\u00e4tin Barbara Bussmann (SP), Kantonsr\u00e4tin Karin Fehr (Gr\u00fcne), Kantonsrat Christoph Ziegler (glp) und Kantonsrat Alex Gantner (FDP).<\/p>\n","protected":false},"author":1,"featured_media":0,"comment_status":"open","ping_status":"open","sticky":false,"template":"","format":"standard","meta":{"_exactmetrics_skip_tracking":false,"_exactmetrics_sitenote_active":false,"_exactmetrics_sitenote_note":"","_exactmetrics_sitenote_category":0,"jetpack_post_was_ever_published":false,"_jetpack_newsletter_access":"","_jetpack_dont_email_post_to_subs":false,"_jetpack_newsletter_tier_id":0,"_jetpack_memberships_contains_paywalled_content":false,"_jetpack_memberships_contains_paid_content":false,"footnotes":"","jetpack_publicize_message":"","jetpack_publicize_feature_enabled":true,"jetpack_social_post_already_shared":true,"jetpack_social_options":{"image_generator_settings":{"template":"highway","default_image_id":0,"font":"","enabled":false},"version":2}},"categories":[8,7],"tags":[322,321,323,319,45,316,115,320,318],"class_list":["post-918","post","type-post","status-publish","format-standard","hentry","category-bildung","category-medien","tag-bildung","tag-kantonsschule","tag-manipulation","tag-podiumsdiskussion","tag-qualitaetsjournalismus","tag-raphael-von-matt","tag-srf","tag-uster","tag-verdrehung"],"jetpack_publicize_connections":[],"jetpack_featured_media_url":"","jetpack_sharing_enabled":true,"jetpack_shortlink":"https:\/\/wp.me\/p6ORi5-eO","_links":{"self":[{"href":"http:\/\/www.zanetti.ch\/index.php?rest_route=\/wp\/v2\/posts\/918","targetHints":{"allow":["GET"]}}],"collection":[{"href":"http:\/\/www.zanetti.ch\/index.php?rest_route=\/wp\/v2\/posts"}],"about":[{"href":"http:\/\/www.zanetti.ch\/index.php?rest_route=\/wp\/v2\/types\/post"}],"author":[{"embeddable":true,"href":"http:\/\/www.zanetti.ch\/index.php?rest_route=\/wp\/v2\/users\/1"}],"replies":[{"embeddable":true,"href":"http:\/\/www.zanetti.ch\/index.php?rest_route=%2Fwp%2Fv2%2Fcomments&post=918"}],"version-history":[{"count":10,"href":"http:\/\/www.zanetti.ch\/index.php?rest_route=\/wp\/v2\/posts\/918\/revisions"}],"predecessor-version":[{"id":928,"href":"http:\/\/www.zanetti.ch\/index.php?rest_route=\/wp\/v2\/posts\/918\/revisions\/928"}],"wp:attachment":[{"href":"http:\/\/www.zanetti.ch\/index.php?rest_route=%2Fwp%2Fv2%2Fmedia&parent=918"}],"wp:term":[{"taxonomy":"category","embeddable":true,"href":"http:\/\/www.zanetti.ch\/index.php?rest_route=%2Fwp%2Fv2%2Fcategories&post=918"},{"taxonomy":"post_tag","embeddable":true,"href":"http:\/\/www.zanetti.ch\/index.php?rest_route=%2Fwp%2Fv2%2Ftags&post=918"}],"curies":[{"name":"wp","href":"https:\/\/api.w.org\/{rel}","templated":true}]}}