{"id":978,"date":"2016-02-16T17:15:54","date_gmt":"2016-02-16T16:15:54","guid":{"rendered":"http:\/\/www.zanetti.ch\/?p=978"},"modified":"2016-02-16T17:18:15","modified_gmt":"2016-02-16T16:18:15","slug":"deregulierung-jetzt-gastbeitrag-von-magdalena-martullo-blocher","status":"publish","type":"post","link":"http:\/\/www.zanetti.ch\/?p=978","title":{"rendered":"Deregulierung jetzt! &#8211; Gastbeitrag von Magdalena Martullo-Blocher"},"content":{"rendered":"<p><a href=\"https:\/\/i0.wp.com\/www.zanetti.ch\/wp-content\/uploads\/2016\/02\/MartulloBlocher.jpg\" rel=\"attachment wp-att-980\"><img data-recalc-dims=\"1\" loading=\"lazy\" decoding=\"async\" class=\"alignnone wp-image-980\" src=\"https:\/\/i0.wp.com\/www.zanetti.ch\/wp-content\/uploads\/2016\/02\/MartulloBlocher-300x193.jpg?resize=404%2C260\" alt=\"MartulloBlocher\" width=\"404\" height=\"260\" srcset=\"https:\/\/i0.wp.com\/www.zanetti.ch\/wp-content\/uploads\/2016\/02\/MartulloBlocher.jpg?resize=300%2C193&amp;ssl=1 300w, https:\/\/i0.wp.com\/www.zanetti.ch\/wp-content\/uploads\/2016\/02\/MartulloBlocher.jpg?resize=768%2C493&amp;ssl=1 768w, https:\/\/i0.wp.com\/www.zanetti.ch\/wp-content\/uploads\/2016\/02\/MartulloBlocher.jpg?w=787&amp;ssl=1 787w\" sizes=\"auto, (max-width: 404px) 100vw, 404px\" \/><\/a><\/p>\n<p>Anl\u00e4sslich der Medienkonferenz zum Jahresabschluss 2015 der EMS-Gruppe am 5. Februar 2016 hielt Nationalr\u00e4tin Magdalena Martullo-Blocher auch ein Pl\u00e4doyer zum Thema \u00dcberregulierung und Gesetzesflut in der Schweiz. Ihre Analyse zeigt, wie der Umfang und damit die Kosten der Regulierung f\u00fcr die Unternehmen ungebremst zunehmen &#8211; trotz verschiedener Vorst\u00f6sse und Massnahmen zur Deregulierung.<\/p>\n<p>Inzwischen hat auch der Schweizerische Gewerbeverband auf Regulierungskosten von 60 Milliarden Schweizer Franken f\u00fcr die Schweizer Wirtschaft und Gesellschaft hingewiesen und Handlungen vom Parlament gefordert.<\/p>\n<p>Lesen Sie <a href=\"http:\/\/www.zanetti.ch\/wp-content\/uploads\/2016\/02\/160205_Referat-Martullo_Deregulierung.pdf\" target=\"_blank\">hier <\/a>das ganze Referat.<\/p>\n\n<div class=\"twitter-share\"><a href=\"https:\/\/twitter.com\/intent\/tweet?via=zac1967\" class=\"twitter-share-button\" data-size=\"large\">Twittern<\/a><\/div>\n","protected":false},"excerpt":{"rendered":"<p>Anl\u00e4sslich der Medienkonferenz zum Jahresabschluss 2015 der EMS-Gruppe am 5. Februar 2016 hielt Nationalr\u00e4tin Magdalena Martullo-Blocher auch ein Pl\u00e4doyer zum Thema \u00dcberregulierung und Gesetzesflut in der Schweiz. Ihre Analyse zeigt, wie der Umfang und damit die Kosten der Regulierung f\u00fcr die Unternehmen ungebremst zunehmen &#8211; trotz verschiedener Vorst\u00f6sse und Massnahmen zur Deregulierung. Inzwischen hat auch &hellip; <a href=\"http:\/\/www.zanetti.ch\/?p=978\" class=\"more-link\"><span class=\"screen-reader-text\">Deregulierung jetzt! &#8211; Gastbeitrag von Magdalena Martullo-Blocher<\/span> weiterlesen <span class=\"meta-nav\">&rarr;<\/span><\/a><\/p>\n","protected":false},"author":1,"featured_media":0,"comment_status":"open","ping_status":"open","sticky":false,"template":"","format":"standard","meta":{"_exactmetrics_skip_tracking":false,"_exactmetrics_sitenote_active":false,"_exactmetrics_sitenote_note":"","_exactmetrics_sitenote_category":0,"jetpack_post_was_ever_published":false,"_jetpack_newsletter_access":"","_jetpack_dont_email_post_to_subs":false,"_jetpack_newsletter_tier_id":0,"_jetpack_memberships_contains_paywalled_content":false,"_jetpack_memberships_contains_paid_content":false,"footnotes":"","jetpack_publicize_message":"","jetpack_publicize_feature_enabled":true,"jetpack_social_post_already_shared":true,"jetpack_social_options":{"image_generator_settings":{"template":"highway","default_image_id":0,"font":"","enabled":false},"version":2}},"categories":[3,226,14],"tags":[273,380,378,381,377,219,382,379],"class_list":["post-978","post","type-post","status-publish","format-standard","hentry","category-finanzen-und-steuern","category-freiheit","category-ordnungspolitik","tag-buerokratie","tag-deregulierung","tag-ems-chemie","tag-gewerbeverband","tag-magdalena-martullo-blocher","tag-ordnungspolitik","tag-vorschriften","tag-wirtschaft"],"jetpack_publicize_connections":[],"jetpack_featured_media_url":"","jetpack_sharing_enabled":true,"jetpack_shortlink":"https:\/\/wp.me\/p6ORi5-fM","_links":{"self":[{"href":"http:\/\/www.zanetti.ch\/index.php?rest_route=\/wp\/v2\/posts\/978","targetHints":{"allow":["GET"]}}],"collection":[{"href":"http:\/\/www.zanetti.ch\/index.php?rest_route=\/wp\/v2\/posts"}],"about":[{"href":"http:\/\/www.zanetti.ch\/index.php?rest_route=\/wp\/v2\/types\/post"}],"author":[{"embeddable":true,"href":"http:\/\/www.zanetti.ch\/index.php?rest_route=\/wp\/v2\/users\/1"}],"replies":[{"embeddable":true,"href":"http:\/\/www.zanetti.ch\/index.php?rest_route=%2Fwp%2Fv2%2Fcomments&post=978"}],"version-history":[{"count":2,"href":"http:\/\/www.zanetti.ch\/index.php?rest_route=\/wp\/v2\/posts\/978\/revisions"}],"predecessor-version":[{"id":982,"href":"http:\/\/www.zanetti.ch\/index.php?rest_route=\/wp\/v2\/posts\/978\/revisions\/982"}],"wp:attachment":[{"href":"http:\/\/www.zanetti.ch\/index.php?rest_route=%2Fwp%2Fv2%2Fmedia&parent=978"}],"wp:term":[{"taxonomy":"category","embeddable":true,"href":"http:\/\/www.zanetti.ch\/index.php?rest_route=%2Fwp%2Fv2%2Fcategories&post=978"},{"taxonomy":"post_tag","embeddable":true,"href":"http:\/\/www.zanetti.ch\/index.php?rest_route=%2Fwp%2Fv2%2Ftags&post=978"}],"curies":[{"name":"wp","href":"https:\/\/api.w.org\/{rel}","templated":true}]}}