{"id":1200,"date":"2016-06-29T12:31:12","date_gmt":"2016-06-29T10:31:12","guid":{"rendered":"http:\/\/www.zanetti.ch\/?p=1200"},"modified":"2016-06-30T14:26:31","modified_gmt":"2016-06-30T12:26:31","slug":"nichts-zu-verstecken-wohl-aber-zu-verteidigen","status":"publish","type":"post","link":"https:\/\/www.zanetti.ch\/?p=1200","title":{"rendered":"Nichts zu verstecken, wohl aber zu verteidigen"},"content":{"rendered":"<p>Es ist eines der grossen R\u00e4tsel der Politik, dass Argumente, die gar keine sind, h\u00e4ufig am erfolgreichsten sind. Klassiker dieser Kategorie sind: \u201eWer \u201eA\u201c sagt, muss auch \u201eB\u201c sagen!\u201c oder \u201eWehret den Anf\u00e4ngen!\u201c. Im <a href=\"http:\/\/www.svp-zuerich.ch\/zurcher-bote\/\" target=\"_blank\">&#8222;Z\u00fcrcher Bote&#8220;<\/a> vom 24. Juni 2016 findet sich in einem <a href=\"https:\/\/issuu.com\/svpkantonzuerich\/docs\/zuercher_bote_25\" target=\"_blank\">Kommentar von Kantonsrat Hans-Peter Amrein<\/a> ein weiterer Satz, mit dem sich bei einfacheren Gem\u00fctern gewiss vortrefflich punkten l\u00e4sst: \u201eWer nichts zu verstecken hat, hat auch \u00fcberhaupt keine Konsequenzen zu gew\u00e4rtigen.\u201c<!--more--><\/p>\n<p>Es ging um die Frage, \u201eob die Polizei die zur Identifikation von Personen erforderlichen Angaben in den Neuzuzugsmeldungen von Gemeinden zur Gefahrenabwehr, zur Strafverfolgung und zur Vollstreckung von Strafurteilen elektronisch abrufen sowie systematisch und automatisiert in den f\u00fcr die Fahndung bestimmten polizeilichen Systemen \u00fcberpr\u00fcfen d\u00fcrfen soll\u201c. Ein Umzug \u2013 eine absolut legale Handlung! \u2013 soll also die Polizei zur Vornahme von Fahndungsmassnahmen \u00fcber unbescholtene B\u00fcrgerinnen und B\u00fcrger erm\u00e4chtigen. Wo liegt der Unterschied zur \u201esystematischen und automatisierten\u201c \u00dcberpr\u00fcfung aller, die an einem bestimmten Tag Geburtstag haben oder einen bestimmten Strassenabschnitt befahren? Gibt es auch f\u00fcr unsere selbsternannten Besch\u00fctzer Tabus, oder dringen sie immer weiter in unser leben ein?<\/p>\n<p>Wann hat die Bev\u00f6lkerung dem Paradigmenwechsel zugestimmt, dass es f\u00fcr Polizeikontrollen, die einen Eingriff in die pers\u00f6nliche Freiheit darstellen, nicht einmal mehr einen Anfangsverdacht braucht? Wie diskret Polizei und Staatsanwaltschaft mit sensiblen Daten umgehen, konnten wir erst k\u00fcrzlich feststellen, als in der Zeitung stand, wie oft Christoph Blocher mit Roger K\u00f6ppel telefoniert.<\/p>\n<p>Ich habe nichts zu verbergen. Aber ich habe etwas zu verteidigen. Ja, ich habe sogar Milit\u00e4rdienst geleistet, weil ich will, dass der Staat sie verteidigt: Meine Privatsph\u00e4re.<\/p>\n\n<div class=\"twitter-share\"><a href=\"https:\/\/twitter.com\/intent\/tweet?via=zac1967\" class=\"twitter-share-button\" data-size=\"large\">Twittern<\/a><\/div>\n","protected":false},"excerpt":{"rendered":"<p>Es ist eines der grossen R\u00e4tsel der Politik, dass Argumente, die gar keine sind, h\u00e4ufig am erfolgreichsten sind. Klassiker dieser Kategorie sind: \u201eWer \u201eA\u201c sagt, muss auch \u201eB\u201c sagen!\u201c oder \u201eWehret den Anf\u00e4ngen!\u201c. Im &#8222;Z\u00fcrcher Bote&#8220; vom 24. Juni 2016 findet sich in einem Kommentar von Kantonsrat Hans-Peter Amrein ein weiterer Satz, mit dem sich &hellip; <a href=\"https:\/\/www.zanetti.ch\/?p=1200\" class=\"more-link\"><span class=\"screen-reader-text\">Nichts zu verstecken, wohl aber zu verteidigen<\/span> weiterlesen <span class=\"meta-nav\">&rarr;<\/span><\/a><\/p>\n","protected":false},"author":1,"featured_media":0,"comment_status":"open","ping_status":"open","sticky":false,"template":"","format":"standard","meta":{"_exactmetrics_skip_tracking":false,"_exactmetrics_sitenote_active":false,"_exactmetrics_sitenote_note":"","_exactmetrics_sitenote_category":0,"jetpack_post_was_ever_published":false,"_jetpack_newsletter_access":"","_jetpack_dont_email_post_to_subs":false,"_jetpack_newsletter_tier_id":0,"_jetpack_memberships_contains_paywalled_content":false,"_jetpack_memberships_contains_paid_content":false,"footnotes":"","jetpack_publicize_message":"","jetpack_publicize_feature_enabled":true,"jetpack_social_post_already_shared":true,"jetpack_social_options":{"image_generator_settings":{"template":"highway","default_image_id":0,"font":"","enabled":false},"version":2}},"categories":[226,9],"tags":[137,441,442,313,443,324,440],"class_list":["post-1200","post","type-post","status-publish","format-standard","hentry","category-freiheit","category-rechtsstaat","tag-christoph-blocher","tag-kontrollen","tag-persoenliche-freiheit","tag-polizei","tag-polizeistaat","tag-roger-koeppel","tag-staatsanwaltschaft"],"jetpack_publicize_connections":[],"jetpack_featured_media_url":"","jetpack_sharing_enabled":true,"jetpack_shortlink":"https:\/\/wp.me\/p6ORi5-jm","_links":{"self":[{"href":"https:\/\/www.zanetti.ch\/index.php?rest_route=\/wp\/v2\/posts\/1200","targetHints":{"allow":["GET"]}}],"collection":[{"href":"https:\/\/www.zanetti.ch\/index.php?rest_route=\/wp\/v2\/posts"}],"about":[{"href":"https:\/\/www.zanetti.ch\/index.php?rest_route=\/wp\/v2\/types\/post"}],"author":[{"embeddable":true,"href":"https:\/\/www.zanetti.ch\/index.php?rest_route=\/wp\/v2\/users\/1"}],"replies":[{"embeddable":true,"href":"https:\/\/www.zanetti.ch\/index.php?rest_route=%2Fwp%2Fv2%2Fcomments&post=1200"}],"version-history":[{"count":2,"href":"https:\/\/www.zanetti.ch\/index.php?rest_route=\/wp\/v2\/posts\/1200\/revisions"}],"predecessor-version":[{"id":1206,"href":"https:\/\/www.zanetti.ch\/index.php?rest_route=\/wp\/v2\/posts\/1200\/revisions\/1206"}],"wp:attachment":[{"href":"https:\/\/www.zanetti.ch\/index.php?rest_route=%2Fwp%2Fv2%2Fmedia&parent=1200"}],"wp:term":[{"taxonomy":"category","embeddable":true,"href":"https:\/\/www.zanetti.ch\/index.php?rest_route=%2Fwp%2Fv2%2Fcategories&post=1200"},{"taxonomy":"post_tag","embeddable":true,"href":"https:\/\/www.zanetti.ch\/index.php?rest_route=%2Fwp%2Fv2%2Ftags&post=1200"}],"curies":[{"name":"wp","href":"https:\/\/api.w.org\/{rel}","templated":true}]}}