{"id":16,"date":"2008-10-15T09:14:23","date_gmt":"2008-10-15T07:14:23","guid":{"rendered":"http:\/\/www.blog.zanetti.ch\/?p=16"},"modified":"2008-10-22T23:43:24","modified_gmt":"2008-10-22T21:43:24","slug":"der-zweck-heiligt-nicht-alle-mittel","status":"publish","type":"post","link":"https:\/\/www.zanetti.ch\/?p=16","title":{"rendered":"Der Zweck heiligt nicht alle Mittel"},"content":{"rendered":"<p><meta http-equiv=\"Content-Type\" content=\"text\/html; charset=utf-8\" \/><meta name=\"ProgId\" content=\"Word.Document\" \/><meta name=\"Generator\" content=\"Microsoft Word 10\" \/><meta name=\"Originator\" content=\"Microsoft Word 10\" \/>\n<link href=\"file:\/\/\/C:%5CDOKUME%7E1%5CADMINI%7E1%5CLOKALE%7E1%5CTemp%5Cmsohtml1%5C01%5Cclip_filelist.xml\" rel=\"File-List\" \/><!--[if gte mso 9]><xml>  <w:WordDocument>   <w:View>Normal<\/w:View>   <w:Zoom>0<\/w:Zoom>   <w:HyphenationZone>21<\/w:HyphenationZone>   <w:Compatibility>    <w:BreakWrappedTables\/>    <w:SnapToGridInCell\/>    <w:WrapTextWithPunct\/>    <w:UseAsianBreakRules\/>   <\/w:Compatibility>   <w:BrowserLevel>MicrosoftInternetExplorer4<\/w:BrowserLevel>  <\/w:WordDocument> <\/xml><![endif]--><\/p>\n<style> <!--  \/* Style Definitions *\/  p.MsoNormal, li.MsoNormal, div.MsoNormal \t{mso-style-parent:\"\"; \tmargin:0cm; \tmargin-bottom:.0001pt; \tmso-pagination:widow-orphan; \tfont-size:12.0pt; \tfont-family:Arial; \tmso-fareast-font-family:\"Times New Roman\"; \tmso-bidi-font-family:Arial; \tmso-bidi-language:AR-SA;} @page Section1 \t{size:595.3pt 841.9pt; \tmargin:70.85pt 70.85pt 2.0cm 70.85pt; \tmso-header-margin:35.4pt; \tmso-footer-margin:35.4pt; \tmso-paper-source:0;} div.Section1 \t{page:Section1;} --> <\/style>\n<p><!--[if gte mso 10]>\n\n\n\n<style>  \/* Style Definitions *\/  table.MsoNormalTable \t{mso-style-name:\"Normale Tabelle\"; \tmso-tstyle-rowband-size:0; \tmso-tstyle-colband-size:0; \tmso-style-noshow:yes; \tmso-style-parent:\"\"; \tmso-padding-alt:0cm 5.4pt 0cm 5.4pt; \tmso-para-margin:0cm; \tmso-para-margin-bottom:.0001pt; \tmso-pagination:widow-orphan; \tfont-size:10.0pt; \tfont-family:\"Times New Roman\";} <\/style>\n\n <![endif]--><\/p>\n<p class=\"MsoNormal\" style=\"margin-bottom: 6pt\">Eine der wichtigsten Tugenden des Gesetzgebers ist, bzw. w\u00e4re das Masshalten. Von vornehmer Zur\u00fcckhaltung ist leider immer weniger zu sp\u00fcren. Unser Parlament, das sich in Zeiten einer weltweiten Finanzkrise leidenschaftlich mit dem Handel von Katzenfellen besch\u00e4ftigt, liebt nichts mehr als Details. Das entbindet von der Auseinandersetzung mit dem Grunds\u00e4tzlichen.<\/p>\n<p class=\"MsoNormal\" style=\"margin-bottom: 6pt\">Immer mehr macht sich auch die Unsitte breit, mittels Volksinitiative Mikro-Tatbest\u00e4nde regeln zu wollen. So will ein Fanatiker eine bestimmte Kategorie von Fahrzeugen verbieten, w\u00e4hrend andere aus nicht minder sektiererischen Motiven eine Kategorie von Verbrechen gesondert behandeln wollen. Die Rede ist von der Volksinitiative \u201eF\u00fcr die Unverj\u00e4hrbarkeit pornografischer Straftaten an Kindern\u201c.<\/p>\n<p class=\"MsoNormal\" style=\"margin-bottom: 6pt\">Ziel des Volksbegehrens ist es, Kinder besser vor sexuellen oder pornografischen Straftaten zu sch\u00fctzen. Dagegen ist nichts einzuwenden. Doch sollte man nicht zuerst einmal die Frage stellen, wo genau das Problem liegt? Werden Kinder tats\u00e4chlich besser gesch\u00fctzt, also weniger h\u00e4ufig Opfer sexueller Gewalt, weil bestimmte Delikte nicht mehr verj\u00e4hren? Wo bleibt da die Logik?<\/p>\n<p class=\"MsoNormal\" style=\"margin-bottom: 6pt\">Liesse sich die Zahl solcher Delikte nicht viel eher vermindern, wenn wir Richter h\u00e4tten, die zu strafen wissen und ihre Verantwortung nicht auf die Hehrscharen von Psychiatern und Psychologen abw\u00e4lzen? Oder w\u00e4re die Gefahr, dass ein Kind Opfer einer sexuellen Straftat wird, nicht dann geringer, wenn der Strafvollzug wieder den Charakter einer Strafe bek\u00e4me und verwahrte Straft\u00e4ter nicht mehr auf Urlaub geschickt w\u00fcrden? Oder wie abschreckend sind Strafen, wenn die Vollzugsverwaltung alleine schon indem sie von Klienten anstatt von Kriminellen redet, zum Ausdruck bringt, dass T\u00e4ter in erster Linie Opfer der Gesellschaft sind, denen geholfen werden muss?<o:p><\/o:p><\/p>\n<p class=\"MsoNormal\" style=\"margin-bottom: 6pt\">Die Volksinitiative \u201eF\u00fcr die Unverj\u00e4hrbarkeit pornografischer Straftaten an Kindern\u201c ist nicht nur deshalb abzulehnen, weil sie falsche Hoffnungen weckt, sondern vor allem deshalb, weil sie die Dogmatik des Strafgesetzbuches \u00fcber den Haufen wirft. Es herrscht in unserem Land die allgemeine \u00dcbereinkunft, dass das h\u00f6chste rechtsgut, das der Staat zu sch\u00fctzen hat, das menschliche Leben ist. Da T\u00f6tungsdelikte verj\u00e4hren, ohne dass dies von irgendjemandem in Frage gestellt w\u00fcrde, darf es ganz einfach nicht sein, dass weniger schlimme Delikte f\u00fcr unverj\u00e4hrbar erkl\u00e4rt werden.<\/p>\n<p class=\"MsoNormal\" style=\"margin-bottom: 6pt\">Hinzu kommt, dass Bundesrat und Parlament der Volksinitiative einen praktikablen und ausgewogenen Gesetzesvorschlag entgegengestellt haben. Es spricht nicht f\u00fcr politische und demokratische Reife der Initianten, dass sie darauf nicht eingegangen sind.<\/p>\n\n<div class=\"twitter-share\"><a href=\"https:\/\/twitter.com\/intent\/tweet?via=zac1967\" class=\"twitter-share-button\" data-size=\"large\">Twittern<\/a><\/div>\n","protected":false},"excerpt":{"rendered":"<p>Eine der wichtigsten Tugenden des Gesetzgebers ist, bzw. w\u00e4re das Masshalten. Von vornehmer Zur\u00fcckhaltung ist leider immer weniger zu sp\u00fcren. Unser Parlament, das sich in Zeiten einer weltweiten Finanzkrise leidenschaftlich mit dem Handel von Katzenfellen besch\u00e4ftigt, liebt nichts mehr als Details. Das entbindet von der Auseinandersetzung mit dem Grunds\u00e4tzlichen. Immer mehr macht sich auch die &hellip; <a href=\"https:\/\/www.zanetti.ch\/?p=16\" class=\"more-link\"><span class=\"screen-reader-text\">Der Zweck heiligt nicht alle Mittel<\/span> weiterlesen <span class=\"meta-nav\">&rarr;<\/span><\/a><\/p>\n","protected":false},"author":1,"featured_media":0,"comment_status":"open","ping_status":"open","sticky":false,"template":"","format":"standard","meta":{"_exactmetrics_skip_tracking":false,"_exactmetrics_sitenote_active":false,"_exactmetrics_sitenote_note":"","_exactmetrics_sitenote_category":0,"jetpack_post_was_ever_published":false,"_jetpack_newsletter_access":"","_jetpack_dont_email_post_to_subs":false,"_jetpack_newsletter_tier_id":0,"_jetpack_memberships_contains_paywalled_content":false,"_jetpack_memberships_contains_paid_content":false,"footnotes":"","jetpack_publicize_message":"","jetpack_publicize_feature_enabled":true,"jetpack_social_post_already_shared":false,"jetpack_social_options":{"image_generator_settings":{"template":"highway","default_image_id":0,"font":"","enabled":false},"version":2}},"categories":[5],"tags":[],"class_list":["post-16","post","type-post","status-publish","format-standard","hentry","category-staat-und-demokratie"],"jetpack_publicize_connections":[],"jetpack_featured_media_url":"","jetpack_sharing_enabled":true,"jetpack_shortlink":"https:\/\/wp.me\/p6ORi5-g","_links":{"self":[{"href":"https:\/\/www.zanetti.ch\/index.php?rest_route=\/wp\/v2\/posts\/16","targetHints":{"allow":["GET"]}}],"collection":[{"href":"https:\/\/www.zanetti.ch\/index.php?rest_route=\/wp\/v2\/posts"}],"about":[{"href":"https:\/\/www.zanetti.ch\/index.php?rest_route=\/wp\/v2\/types\/post"}],"author":[{"embeddable":true,"href":"https:\/\/www.zanetti.ch\/index.php?rest_route=\/wp\/v2\/users\/1"}],"replies":[{"embeddable":true,"href":"https:\/\/www.zanetti.ch\/index.php?rest_route=%2Fwp%2Fv2%2Fcomments&post=16"}],"version-history":[{"count":0,"href":"https:\/\/www.zanetti.ch\/index.php?rest_route=\/wp\/v2\/posts\/16\/revisions"}],"wp:attachment":[{"href":"https:\/\/www.zanetti.ch\/index.php?rest_route=%2Fwp%2Fv2%2Fmedia&parent=16"}],"wp:term":[{"taxonomy":"category","embeddable":true,"href":"https:\/\/www.zanetti.ch\/index.php?rest_route=%2Fwp%2Fv2%2Fcategories&post=16"},{"taxonomy":"post_tag","embeddable":true,"href":"https:\/\/www.zanetti.ch\/index.php?rest_route=%2Fwp%2Fv2%2Ftags&post=16"}],"curies":[{"name":"wp","href":"https:\/\/api.w.org\/{rel}","templated":true}]}}