{"id":1602,"date":"2018-05-23T10:15:06","date_gmt":"2018-05-23T08:15:06","guid":{"rendered":"http:\/\/www.zanetti.ch\/?p=1602"},"modified":"2018-05-23T10:15:06","modified_gmt":"2018-05-23T08:15:06","slug":"ist-die-westliche-zivilisation-verteidigungswuerdig","status":"publish","type":"post","link":"https:\/\/www.zanetti.ch\/?p=1602","title":{"rendered":"Ist die westliche Zivilisation verteidigungsw\u00fcrdig?"},"content":{"rendered":"<p>Im vergangenen Sommer hat der US-amerikanische Pr\u00e4sident Donald Trump <a href=\"https:\/\/youtu.be\/t3nKhhz7ZMw\" target=\"_blank\" rel=\"noopener\">in Polen eine Rede gehalten<\/a>. Er hat dabei unter anderem vom Willen zur Verteidigung unserer westlichen Zivilisation gesprochen. Also von etwas, das die internationalistische Linke total gegen den Strich geht.<!--more--><\/p>\n<p>In der Schweiz zum Beispiel sagte Max Frisch einmal, er wisse gar nicht, was an der Schweiz zu verteidigen gebe. Und die sp\u00e4tere Bundesr\u00e4tin Ruth Dreifuss gab 1991 zu Protokoll, es sei ihr egal, ob die Schweiz in einem europ\u00e4ischen \u00dcberbau, den sie sich w\u00fcnsche, \u00fcberlebe.<\/p>\n<figure class=\"wp-block-embed wp-block-embed-youtube is-type-video is-provider-youtube epyt-figure\"><div class=\"wp-block-embed__wrapper\"><iframe loading=\"lazy\"  style=\"display: block; margin: 0px auto;\"  id=\"_ytid_42577\"  width=\"474\" height=\"267\"  data-origwidth=\"474\" data-origheight=\"267\" src=\"https:\/\/www.youtube.com\/embed\/pItJbR0XEeE?enablejsapi=1&autoplay=0&cc_load_policy=0&cc_lang_pref=&iv_load_policy=1&loop=0&rel=1&fs=1&playsinline=0&autohide=2&theme=dark&color=red&controls=1&disablekb=0&\" class=\"__youtube_prefs__  no-lazyload\" title=\"YouTube player\"  allow=\"fullscreen; accelerometer; autoplay; clipboard-write; encrypted-media; gyroscope; picture-in-picture; web-share\" referrerpolicy=\"strict-origin-when-cross-origin\" allowfullscreen data-no-lazy=\"1\" data-skipgform_ajax_framebjll=\"\"><\/iframe><\/div><\/figure>\n<p>Trumps Rede stiess in Polen und anderen ehemaligen Ostblock-Staaten auf grosse Begeisterung. Genau das Gegenteil war in Westeuropa und in den USA der Fall. Aber an dieses reflexartige Trump-Bashing, das pathologische Z\u00fcge aufweist, haben wir uns ja mittlerweile gew\u00f6hnt. Ein Aspekt der Kritik verdient n\u00e4here Betrachtung:<\/p>\n<p>Neben dem Aufruf zur Verteidigung der westlichen Kultur sagte Trump unter anderem:<\/p>\n<p><em>\u201eWir schreiben Symphonien.<br \/>\n<\/em><em>Wir streben nach Neuem.<br \/>\nWir ehren unsere Helden aus alten Zeiten und pflegen unsere zeitlosen Br\u00e4che und Traditionen.<br \/>\nMir sind immer am Suchen und Forschen und dr\u00e4ngen in neue unbekannte Gebiete\u201c.<\/em><\/p>\n<p>In den Augen der New York Times, die bekanntlich die wichtigste Nachrichtenquelle des linken Qualit\u00e4tsjournalismus ist, machen solche Aussagen Trump zu einem White suprematist, zu jemandem der die weisse Rasse f\u00fcr \u00fcberlegen h\u00e4lt, also eigentlich zu einem Nazi.<\/p>\n<p>Vor allem \u00fcber den Satz mit den Symphonien macht sich die New York Times lustig. Es sei ja klar, dass er die Musik toter, weisser M\u00e4nner lobe, schliesslich habe er sich noch nie mit indonesischer Gamelan-Musik auseinandergesetzt.<\/p>\n<p>Sie wissen nicht, was indonesische Gamelan-Musik ist?<\/p>\n<p>Hier eine Kostprobe:<\/p>\n<figure class=\"wp-block-embed wp-block-embed-youtube is-type-video is-provider-youtube epyt-figure\"><div class=\"wp-block-embed__wrapper\"><iframe loading=\"lazy\"  style=\"display: block; margin: 0px auto;\"  id=\"_ytid_89470\"  width=\"474\" height=\"356\"  data-origwidth=\"474\" data-origheight=\"356\" src=\"https:\/\/www.youtube.com\/embed\/sZZTfu4jWcI?enablejsapi=1&autoplay=0&cc_load_policy=0&cc_lang_pref=&iv_load_policy=1&loop=0&rel=1&fs=1&playsinline=0&autohide=2&theme=dark&color=red&controls=1&disablekb=0&\" class=\"__youtube_prefs__  no-lazyload\" title=\"YouTube player\"  allow=\"fullscreen; accelerometer; autoplay; clipboard-write; encrypted-media; gyroscope; picture-in-picture; web-share\" referrerpolicy=\"strict-origin-when-cross-origin\" allowfullscreen data-no-lazy=\"1\" data-skipgform_ajax_framebjll=\"\"><\/iframe><\/div><\/figure>\n<p>Ich habe \u00fcberhaupt nichts gegen diese Musik, und wenn diese das n\u00e4chste Mal im Hallenstadion gespielt wird, werde ich hingehen. Aber es k\u00e4me mir nie in den Sinn diese Musik mit einer Beethoven-Symphonie auf die gleiche Stufe zu stellen. Das w\u00fcrde ich aber auch nicht mit Hudig\u00e4ggeler oder Marschmusik machen.<\/p>\n<p>Mit Rasse, wie das die linken Eiferer unterstellen, hat das nicht das Geringste zu tun. Wer auch nur eine kleine Ahnung von klassischer Musik hat, weiss, dass heute die besten Beethoven- und vor allem Bach-Interpreten aus Japan kommen.<\/p>\n<p>Hier geht es um unterschiedliche Zivilisationen, und es ist absolut legitim, diese zu werten. Denn: Wo das nicht mehr m\u00f6glich ist, weil es als politisch inkorrekt verboten ist, ist auch Kannibalismus nur noch eine Frage des Geschmacks.<\/p>\n\n<div class=\"twitter-share\"><a href=\"https:\/\/twitter.com\/intent\/tweet?via=zac1967\" class=\"twitter-share-button\" data-size=\"large\">Twittern<\/a><\/div>\n","protected":false},"excerpt":{"rendered":"<p>Im vergangenen Sommer hat der US-amerikanische Pr\u00e4sident Donald Trump in Polen eine Rede gehalten. Er hat dabei unter anderem vom Willen zur Verteidigung unserer westlichen Zivilisation gesprochen. Also von etwas, das die internationalistische Linke total gegen den Strich geht.<\/p>\n","protected":false},"author":1,"featured_media":1605,"comment_status":"open","ping_status":"open","sticky":false,"template":"","format":"standard","meta":{"_exactmetrics_skip_tracking":false,"_exactmetrics_sitenote_active":false,"_exactmetrics_sitenote_note":"","_exactmetrics_sitenote_category":0,"jetpack_post_was_ever_published":false,"_jetpack_newsletter_access":"","_jetpack_dont_email_post_to_subs":false,"_jetpack_newsletter_tier_id":0,"_jetpack_memberships_contains_paywalled_content":false,"_jetpack_memberships_contains_paid_content":false,"footnotes":"","jetpack_publicize_message":"","jetpack_publicize_feature_enabled":true,"jetpack_social_post_already_shared":true,"jetpack_social_options":{"image_generator_settings":{"template":"highway","default_image_id":0,"font":"","enabled":false},"version":2}},"categories":[7,5],"tags":[621,619,333,614,618,198,622,615,45,620,616,617],"class_list":["post-1602","post","type-post","status-publish","format-standard","has-post-thumbnail","hentry","category-medien","category-staat-und-demokratie","tag-bach","tag-beethoven","tag-donald-trump","tag-gamelan","tag-kannibalismus","tag-kultur","tag-new-york-times","tag-polen","tag-qualitaetsjournalismus","tag-symphonie","tag-westen","tag-zivilisation"],"jetpack_publicize_connections":[],"jetpack_featured_media_url":"https:\/\/i0.wp.com\/www.zanetti.ch\/wp-content\/uploads\/2018\/05\/orchester.jpg?fit=1500%2C958&ssl=1","jetpack_sharing_enabled":true,"jetpack_shortlink":"https:\/\/wp.me\/p6ORi5-pQ","_links":{"self":[{"href":"https:\/\/www.zanetti.ch\/index.php?rest_route=\/wp\/v2\/posts\/1602","targetHints":{"allow":["GET"]}}],"collection":[{"href":"https:\/\/www.zanetti.ch\/index.php?rest_route=\/wp\/v2\/posts"}],"about":[{"href":"https:\/\/www.zanetti.ch\/index.php?rest_route=\/wp\/v2\/types\/post"}],"author":[{"embeddable":true,"href":"https:\/\/www.zanetti.ch\/index.php?rest_route=\/wp\/v2\/users\/1"}],"replies":[{"embeddable":true,"href":"https:\/\/www.zanetti.ch\/index.php?rest_route=%2Fwp%2Fv2%2Fcomments&post=1602"}],"version-history":[{"count":1,"href":"https:\/\/www.zanetti.ch\/index.php?rest_route=\/wp\/v2\/posts\/1602\/revisions"}],"predecessor-version":[{"id":1603,"href":"https:\/\/www.zanetti.ch\/index.php?rest_route=\/wp\/v2\/posts\/1602\/revisions\/1603"}],"wp:featuredmedia":[{"embeddable":true,"href":"https:\/\/www.zanetti.ch\/index.php?rest_route=\/wp\/v2\/media\/1605"}],"wp:attachment":[{"href":"https:\/\/www.zanetti.ch\/index.php?rest_route=%2Fwp%2Fv2%2Fmedia&parent=1602"}],"wp:term":[{"taxonomy":"category","embeddable":true,"href":"https:\/\/www.zanetti.ch\/index.php?rest_route=%2Fwp%2Fv2%2Fcategories&post=1602"},{"taxonomy":"post_tag","embeddable":true,"href":"https:\/\/www.zanetti.ch\/index.php?rest_route=%2Fwp%2Fv2%2Ftags&post=1602"}],"curies":[{"name":"wp","href":"https:\/\/api.w.org\/{rel}","templated":true}]}}