{"id":225,"date":"2010-07-01T18:54:18","date_gmt":"2010-07-01T17:54:18","guid":{"rendered":"http:\/\/www.blog.zanetti.ch\/?p=225"},"modified":"2010-07-01T16:41:34","modified_gmt":"2010-07-01T15:41:34","slug":"cc-talk-vom-1-juli","status":"publish","type":"post","link":"https:\/\/www.zanetti.ch\/?p=225","title":{"rendered":"CC-Talk vom 1. Juli 2010"},"content":{"rendered":"<p>[flv:http:\/\/www.politik.ch\/fs\/videos\/cc_talk\/26100701_politalk_neu.flv 480 310]Steckt die Schweiz in einer Regierungskrise? <\/p>\n<p style=\"margin: 0cm 0cm 0pt\" class=\"MsoNormal\"><font color=\"#000000\" face=\"Arial\" size=\"2\">Indiskretionen, Intrigen, gegenseitiges Misstrauen und die Verantwortung auf die Kollegen abschieben. Diesen Eindruck hinterliess unsere Regierung in den letzten Monaten. Stimmt dieser Eindruck? Steckt die Schweiz in einer handfesten Regierungskrise? Und falls ja, w\u00e4re das so schlimm f\u00fcr unser Land? Dar\u00fcber diskutieren Christoph Romer und Claudio Zanetti mit folgenden G\u00e4sten: Michael Hermann (Politologe) und Markus Somm (stellvertretender Chefredaktor der Weltwoche und Buchautor).<br \/>\n<\/font><\/p>\n\n<div class=\"twitter-share\"><a href=\"https:\/\/twitter.com\/intent\/tweet?via=zac1967\" class=\"twitter-share-button\" data-size=\"large\">Twittern<\/a><\/div>\n","protected":false},"excerpt":{"rendered":"<p>[flv:http:\/\/www.politik.ch\/fs\/videos\/cc_talk\/26100701_politalk_neu.flv 480 310]Steckt die Schweiz in einer Regierungskrise? Indiskretionen, Intrigen, gegenseitiges Misstrauen und die Verantwortung auf die Kollegen abschieben. Diesen Eindruck hinterliess unsere Regierung in den letzten Monaten. Stimmt dieser Eindruck? Steckt die Schweiz in einer handfesten Regierungskrise? Und falls ja, w\u00e4re das so schlimm f\u00fcr unser Land? Dar\u00fcber diskutieren Christoph Romer und Claudio Zanetti &hellip; <a href=\"https:\/\/www.zanetti.ch\/?p=225\" class=\"more-link\"><span class=\"screen-reader-text\">CC-Talk vom 1. Juli 2010<\/span> weiterlesen <span class=\"meta-nav\">&rarr;<\/span><\/a><\/p>\n","protected":false},"author":1,"featured_media":0,"comment_status":"open","ping_status":"open","sticky":false,"template":"","format":"standard","meta":{"_exactmetrics_skip_tracking":false,"_exactmetrics_sitenote_active":false,"_exactmetrics_sitenote_note":"","_exactmetrics_sitenote_category":0,"jetpack_post_was_ever_published":false,"_jetpack_newsletter_access":"","_jetpack_dont_email_post_to_subs":false,"_jetpack_newsletter_tier_id":0,"_jetpack_memberships_contains_paywalled_content":false,"_jetpack_memberships_contains_paid_content":false,"footnotes":"","jetpack_publicize_message":"","jetpack_publicize_feature_enabled":true,"jetpack_social_post_already_shared":false,"jetpack_social_options":{"image_generator_settings":{"template":"highway","default_image_id":0,"font":"","enabled":false},"version":2}},"categories":[1],"tags":[],"class_list":["post-225","post","type-post","status-publish","format-standard","hentry","category-allgemein"],"jetpack_publicize_connections":[],"jetpack_featured_media_url":"","jetpack_sharing_enabled":true,"jetpack_shortlink":"https:\/\/wp.me\/p6ORi5-3D","_links":{"self":[{"href":"https:\/\/www.zanetti.ch\/index.php?rest_route=\/wp\/v2\/posts\/225","targetHints":{"allow":["GET"]}}],"collection":[{"href":"https:\/\/www.zanetti.ch\/index.php?rest_route=\/wp\/v2\/posts"}],"about":[{"href":"https:\/\/www.zanetti.ch\/index.php?rest_route=\/wp\/v2\/types\/post"}],"author":[{"embeddable":true,"href":"https:\/\/www.zanetti.ch\/index.php?rest_route=\/wp\/v2\/users\/1"}],"replies":[{"embeddable":true,"href":"https:\/\/www.zanetti.ch\/index.php?rest_route=%2Fwp%2Fv2%2Fcomments&post=225"}],"version-history":[{"count":0,"href":"https:\/\/www.zanetti.ch\/index.php?rest_route=\/wp\/v2\/posts\/225\/revisions"}],"wp:attachment":[{"href":"https:\/\/www.zanetti.ch\/index.php?rest_route=%2Fwp%2Fv2%2Fmedia&parent=225"}],"wp:term":[{"taxonomy":"category","embeddable":true,"href":"https:\/\/www.zanetti.ch\/index.php?rest_route=%2Fwp%2Fv2%2Fcategories&post=225"},{"taxonomy":"post_tag","embeddable":true,"href":"https:\/\/www.zanetti.ch\/index.php?rest_route=%2Fwp%2Fv2%2Ftags&post=225"}],"curies":[{"name":"wp","href":"https:\/\/api.w.org\/{rel}","templated":true}]}}