{"id":23,"date":"2008-10-27T10:48:47","date_gmt":"2008-10-27T08:48:47","guid":{"rendered":"http:\/\/www.blog.zanetti.ch\/?p=23"},"modified":"2008-10-27T21:31:32","modified_gmt":"2008-10-27T19:31:32","slug":"hier-gelten-unsere-regeln","status":"publish","type":"post","link":"https:\/\/www.zanetti.ch\/?p=23","title":{"rendered":"Hier gelten unsere Regeln"},"content":{"rendered":"<p style=\"margin: 0cm 0cm 0pt\" class=\"MsoNormal\"><span lang=\"DE-CH\"><font face=\"Arial\">Die F\u00f6deration Islamischer Dachorganisationen in der Schweiz (FIDS) und die Koordination Islamischer Organisationen der Schweiz (KIOS) kritisieren das Bundesgerichtsurteil, wonach auch muslimische Sch\u00fcler am Schwimmunterricht teilzunehmen haben. KIOS-Pr\u00e4sident Farhad Afshar bezeichnet es gar als unzul\u00e4ssig, die Integration \u00fcber den Verfassungsgrundsatz der Religionsfreiheit zu stellen.<\/font><\/span><\/p>\n<p><span lang=\"DE-CH\"><\/span><\/p>\n<p style=\"margin: 0cm 0cm 0pt\" class=\"MsoNormal\"><span lang=\"DE-CH\"><font face=\"Arial\">Tats\u00e4chlich w\u00e4re es bedenklich, das rechtlich kaum fassbare Anliegen nach Integration einem verfassungsm\u00e4ssigen Grundrecht gegen\u00fcberzustellen und diesem sogar vorzuziehen. Das hat das Bundesgericht aber gar nicht getan, obwohl dies von oberfl\u00e4chlich arbeitenden Journalisten so kolportiert worden ist. Das Bundesgericht ist lediglich dem uralten Grundsatz nachgekommen, wonach die Berufung auf ein verfassungsm\u00e4ssiges Recht nicht von der Erf\u00fcllung verfassungsm\u00e4ssiger Pflichten entbindet. W\u00e4re dem nicht so k\u00f6nnte beispielsweise jemand behaupten, seine Religion verbiete das Bezahlen von Steuern. Es leuchtet ein, dass Derartiges \u2013 im Interesse des Gemeinwesens \u2013 nicht sein darf.<\/font><\/span><\/p>\n<p><span lang=\"DE-CH\"><\/span><\/p>\n<p style=\"margin: 0cm 0cm 0pt\" class=\"MsoNormal\"><span lang=\"DE-CH\"><font face=\"Arial\">Gegen einen Dialog mit Muslimen ist nichts einzuwenden. Bei aller Offenheit, ist jedoch unmissverst\u00e4ndlich klar zu machen, dass unsere freiheitliche Rechtsordnung, die auf den Werten der Aufkl\u00e4rung basiert, nicht zur Disposition steht. Das haben alle, die hier leben wollen, zu akzeptieren. Ansonsten steht es ihnen frei, sich einen anderen Aufenthaltsort zu suchen.<\/font><\/span><\/p>\n\n<div class=\"twitter-share\"><a href=\"https:\/\/twitter.com\/intent\/tweet?via=zac1967\" class=\"twitter-share-button\" data-size=\"large\">Twittern<\/a><\/div>\n","protected":false},"excerpt":{"rendered":"<p>Die F\u00f6deration Islamischer Dachorganisationen in der Schweiz (FIDS) und die Koordination Islamischer Organisationen der Schweiz (KIOS) kritisieren das Bundesgerichtsurteil, wonach auch muslimische Sch\u00fcler am Schwimmunterricht teilzunehmen haben. KIOS-Pr\u00e4sident Farhad Afshar bezeichnet es gar als unzul\u00e4ssig, die Integration \u00fcber den Verfassungsgrundsatz der Religionsfreiheit zu stellen. Tats\u00e4chlich w\u00e4re es bedenklich, das rechtlich kaum fassbare Anliegen nach Integration &hellip; <a href=\"https:\/\/www.zanetti.ch\/?p=23\" class=\"more-link\"><span class=\"screen-reader-text\">Hier gelten unsere Regeln<\/span> weiterlesen <span class=\"meta-nav\">&rarr;<\/span><\/a><\/p>\n","protected":false},"author":1,"featured_media":0,"comment_status":"open","ping_status":"open","sticky":false,"template":"","format":"standard","meta":{"_exactmetrics_skip_tracking":false,"_exactmetrics_sitenote_active":false,"_exactmetrics_sitenote_note":"","_exactmetrics_sitenote_category":0,"jetpack_post_was_ever_published":false,"_jetpack_newsletter_access":"","_jetpack_dont_email_post_to_subs":false,"_jetpack_newsletter_tier_id":0,"_jetpack_memberships_contains_paywalled_content":false,"_jetpack_memberships_contains_paid_content":false,"footnotes":"","jetpack_publicize_message":"","jetpack_publicize_feature_enabled":true,"jetpack_social_post_already_shared":false,"jetpack_social_options":{"image_generator_settings":{"template":"highway","default_image_id":0,"font":"","enabled":false},"version":2}},"categories":[1,5],"tags":[],"class_list":["post-23","post","type-post","status-publish","format-standard","hentry","category-allgemein","category-staat-und-demokratie"],"jetpack_publicize_connections":[],"jetpack_featured_media_url":"","jetpack_sharing_enabled":true,"jetpack_shortlink":"https:\/\/wp.me\/p6ORi5-n","_links":{"self":[{"href":"https:\/\/www.zanetti.ch\/index.php?rest_route=\/wp\/v2\/posts\/23","targetHints":{"allow":["GET"]}}],"collection":[{"href":"https:\/\/www.zanetti.ch\/index.php?rest_route=\/wp\/v2\/posts"}],"about":[{"href":"https:\/\/www.zanetti.ch\/index.php?rest_route=\/wp\/v2\/types\/post"}],"author":[{"embeddable":true,"href":"https:\/\/www.zanetti.ch\/index.php?rest_route=\/wp\/v2\/users\/1"}],"replies":[{"embeddable":true,"href":"https:\/\/www.zanetti.ch\/index.php?rest_route=%2Fwp%2Fv2%2Fcomments&post=23"}],"version-history":[{"count":0,"href":"https:\/\/www.zanetti.ch\/index.php?rest_route=\/wp\/v2\/posts\/23\/revisions"}],"wp:attachment":[{"href":"https:\/\/www.zanetti.ch\/index.php?rest_route=%2Fwp%2Fv2%2Fmedia&parent=23"}],"wp:term":[{"taxonomy":"category","embeddable":true,"href":"https:\/\/www.zanetti.ch\/index.php?rest_route=%2Fwp%2Fv2%2Fcategories&post=23"},{"taxonomy":"post_tag","embeddable":true,"href":"https:\/\/www.zanetti.ch\/index.php?rest_route=%2Fwp%2Fv2%2Ftags&post=23"}],"curies":[{"name":"wp","href":"https:\/\/api.w.org\/{rel}","templated":true}]}}