{"id":232,"date":"2010-08-05T15:41:34","date_gmt":"2010-08-05T15:41:34","guid":{"rendered":"http:\/\/www.blog.zanetti.ch\/?p=232"},"modified":"2010-08-05T15:41:34","modified_gmt":"2010-08-05T15:41:34","slug":"cc-talk-vom-5-august","status":"publish","type":"post","link":"https:\/\/www.zanetti.ch\/?p=232","title":{"rendered":"CC-Talk vom 5. August 2010"},"content":{"rendered":"<p>[flv:http:\/\/www.politik.ch\/fs\/videos\/cc_talk\/31100805_politalk.flv 480 310]Weder Fisch noch Vogel &#8211; braucht es die politische Mitte?  <\/p>\n<p style=\"margin: 0cm 0cm 0pt\" class=\"MsoNormal\"><font color=\"#000000\" face=\"Arial\" size=\"2\">In den letzten Jahren hat in der Schweizer Politik eine Polarisierung der Positionen stattgefunden. Die Mitteparteien kamen dabei immer mehr unter Druck und verloren massiv an W\u00e4hleranteilen. Dennoch beh\u00e4lt die Mitte ihre Macht, indem sie oft Z\u00fcnglein an der Waage spielt und einem politischen Gesch\u00e4ft zum Durchbruch verhelfen kann. Ist es in einer Demokratie nicht problematisch, wenn eine schrumpfende Mitte in wichtigen Fragen den Ausschlag gibt? Ist die politische Mitte ein Auslaufmodell oder geh\u00f6rt ihr die Zukunft? \u00dcber diese Fragen diskutieren Christoph Romer und Claudio Zanetti mit folgenden G\u00e4sten: Klaus J. St\u00f6hlker, Kommunikationsberater und Martin Baltisser, SVP-Generalsekret\u00e4r.<\/font><\/p>\n\n<div class=\"twitter-share\"><a href=\"https:\/\/twitter.com\/intent\/tweet?via=zac1967\" class=\"twitter-share-button\" data-size=\"large\">Twittern<\/a><\/div>\n","protected":false},"excerpt":{"rendered":"<p>[flv:http:\/\/www.politik.ch\/fs\/videos\/cc_talk\/31100805_politalk.flv 480 310]Weder Fisch noch Vogel &#8211; braucht es die politische Mitte? In den letzten Jahren hat in der Schweizer Politik eine Polarisierung der Positionen stattgefunden. Die Mitteparteien kamen dabei immer mehr unter Druck und verloren massiv an W\u00e4hleranteilen. Dennoch beh\u00e4lt die Mitte ihre Macht, indem sie oft Z\u00fcnglein an der Waage spielt und einem &hellip; <a href=\"https:\/\/www.zanetti.ch\/?p=232\" class=\"more-link\"><span class=\"screen-reader-text\">CC-Talk vom 5. August 2010<\/span> weiterlesen <span class=\"meta-nav\">&rarr;<\/span><\/a><\/p>\n","protected":false},"author":1,"featured_media":0,"comment_status":"open","ping_status":"open","sticky":false,"template":"","format":"standard","meta":{"_exactmetrics_skip_tracking":false,"_exactmetrics_sitenote_active":false,"_exactmetrics_sitenote_note":"","_exactmetrics_sitenote_category":0,"jetpack_post_was_ever_published":false,"_jetpack_newsletter_access":"","_jetpack_dont_email_post_to_subs":false,"_jetpack_newsletter_tier_id":0,"_jetpack_memberships_contains_paywalled_content":false,"_jetpack_memberships_contains_paid_content":false,"footnotes":"","jetpack_publicize_message":"","jetpack_publicize_feature_enabled":true,"jetpack_social_post_already_shared":false,"jetpack_social_options":{"image_generator_settings":{"template":"highway","default_image_id":0,"font":"","enabled":false},"version":2}},"categories":[1],"tags":[],"class_list":["post-232","post","type-post","status-publish","format-standard","hentry","category-allgemein"],"jetpack_publicize_connections":[],"jetpack_featured_media_url":"","jetpack_sharing_enabled":true,"jetpack_shortlink":"https:\/\/wp.me\/p6ORi5-3K","_links":{"self":[{"href":"https:\/\/www.zanetti.ch\/index.php?rest_route=\/wp\/v2\/posts\/232","targetHints":{"allow":["GET"]}}],"collection":[{"href":"https:\/\/www.zanetti.ch\/index.php?rest_route=\/wp\/v2\/posts"}],"about":[{"href":"https:\/\/www.zanetti.ch\/index.php?rest_route=\/wp\/v2\/types\/post"}],"author":[{"embeddable":true,"href":"https:\/\/www.zanetti.ch\/index.php?rest_route=\/wp\/v2\/users\/1"}],"replies":[{"embeddable":true,"href":"https:\/\/www.zanetti.ch\/index.php?rest_route=%2Fwp%2Fv2%2Fcomments&post=232"}],"version-history":[{"count":0,"href":"https:\/\/www.zanetti.ch\/index.php?rest_route=\/wp\/v2\/posts\/232\/revisions"}],"wp:attachment":[{"href":"https:\/\/www.zanetti.ch\/index.php?rest_route=%2Fwp%2Fv2%2Fmedia&parent=232"}],"wp:term":[{"taxonomy":"category","embeddable":true,"href":"https:\/\/www.zanetti.ch\/index.php?rest_route=%2Fwp%2Fv2%2Fcategories&post=232"},{"taxonomy":"post_tag","embeddable":true,"href":"https:\/\/www.zanetti.ch\/index.php?rest_route=%2Fwp%2Fv2%2Ftags&post=232"}],"curies":[{"name":"wp","href":"https:\/\/api.w.org\/{rel}","templated":true}]}}