{"id":233,"date":"2010-08-12T15:16:42","date_gmt":"2010-08-12T14:16:42","guid":{"rendered":"http:\/\/www.blog.zanetti.ch\/?p=233"},"modified":"2010-08-12T15:16:42","modified_gmt":"2010-08-12T14:16:42","slug":"die-linken-und-ihr-privatleben","status":"publish","type":"post","link":"https:\/\/www.zanetti.ch\/?p=233","title":{"rendered":"Die Linken und ihr Privatleben"},"content":{"rendered":"<p>Als Simonetta Sommaruga ihre Bundesratskandidatur bekanntgab, liess sie die \u00d6ffentlichkeit als Erstes wissen, dass sie nicht nur Akten, sondern auch Romane zu lesen gedenke.<\/p>\n<p>Warum kandidieren Linke \u00fcberhaupt f\u00fcr \u00f6ffentliche \u00c4mter, wenn f\u00fcr sie doch die Wahrung ihrer privaten Entfaltung das Wichtigste ist? Auch in Z\u00fcrich haben wir eine Stadtpr\u00e4sidentin, die in den ersten 100 Tagen ihrer Amtszeit ihr ganzes j\u00e4hrliches Ferienguthaben aufgebraucht hatte und sich nach ihrer R\u00fcckkehr dar\u00fcber beklagte, dass ihr Privatleben zu kurz komme.<\/p>\n\n<div class=\"twitter-share\"><a href=\"https:\/\/twitter.com\/intent\/tweet?via=zac1967\" class=\"twitter-share-button\" data-size=\"large\">Twittern<\/a><\/div>\n","protected":false},"excerpt":{"rendered":"<p>Als Simonetta Sommaruga ihre Bundesratskandidatur bekanntgab, liess sie die \u00d6ffentlichkeit als Erstes wissen, dass sie nicht nur Akten, sondern auch Romane zu lesen gedenke. Warum kandidieren Linke \u00fcberhaupt f\u00fcr \u00f6ffentliche \u00c4mter, wenn f\u00fcr sie doch die Wahrung ihrer privaten Entfaltung das Wichtigste ist? Auch in Z\u00fcrich haben wir eine Stadtpr\u00e4sidentin, die in den ersten 100 &hellip; <a href=\"https:\/\/www.zanetti.ch\/?p=233\" class=\"more-link\"><span class=\"screen-reader-text\">Die Linken und ihr Privatleben<\/span> weiterlesen <span class=\"meta-nav\">&rarr;<\/span><\/a><\/p>\n","protected":false},"author":1,"featured_media":0,"comment_status":"open","ping_status":"open","sticky":false,"template":"","format":"standard","meta":{"_exactmetrics_skip_tracking":false,"_exactmetrics_sitenote_active":false,"_exactmetrics_sitenote_note":"","_exactmetrics_sitenote_category":0,"jetpack_post_was_ever_published":false,"_jetpack_newsletter_access":"","_jetpack_dont_email_post_to_subs":false,"_jetpack_newsletter_tier_id":0,"_jetpack_memberships_contains_paywalled_content":false,"_jetpack_memberships_contains_paid_content":false,"footnotes":"","jetpack_publicize_message":"","jetpack_publicize_feature_enabled":true,"jetpack_social_post_already_shared":false,"jetpack_social_options":{"image_generator_settings":{"template":"highway","default_image_id":0,"font":"","enabled":false},"version":2}},"categories":[5],"tags":[],"class_list":["post-233","post","type-post","status-publish","format-standard","hentry","category-staat-und-demokratie"],"jetpack_publicize_connections":[],"jetpack_featured_media_url":"","jetpack_sharing_enabled":true,"jetpack_shortlink":"https:\/\/wp.me\/p6ORi5-3L","_links":{"self":[{"href":"https:\/\/www.zanetti.ch\/index.php?rest_route=\/wp\/v2\/posts\/233","targetHints":{"allow":["GET"]}}],"collection":[{"href":"https:\/\/www.zanetti.ch\/index.php?rest_route=\/wp\/v2\/posts"}],"about":[{"href":"https:\/\/www.zanetti.ch\/index.php?rest_route=\/wp\/v2\/types\/post"}],"author":[{"embeddable":true,"href":"https:\/\/www.zanetti.ch\/index.php?rest_route=\/wp\/v2\/users\/1"}],"replies":[{"embeddable":true,"href":"https:\/\/www.zanetti.ch\/index.php?rest_route=%2Fwp%2Fv2%2Fcomments&post=233"}],"version-history":[{"count":0,"href":"https:\/\/www.zanetti.ch\/index.php?rest_route=\/wp\/v2\/posts\/233\/revisions"}],"wp:attachment":[{"href":"https:\/\/www.zanetti.ch\/index.php?rest_route=%2Fwp%2Fv2%2Fmedia&parent=233"}],"wp:term":[{"taxonomy":"category","embeddable":true,"href":"https:\/\/www.zanetti.ch\/index.php?rest_route=%2Fwp%2Fv2%2Fcategories&post=233"},{"taxonomy":"post_tag","embeddable":true,"href":"https:\/\/www.zanetti.ch\/index.php?rest_route=%2Fwp%2Fv2%2Ftags&post=233"}],"curies":[{"name":"wp","href":"https:\/\/api.w.org\/{rel}","templated":true}]}}