{"id":239,"date":"2010-09-03T12:44:38","date_gmt":"2010-09-03T11:44:38","guid":{"rendered":"http:\/\/www.blog.zanetti.ch\/?p=239"},"modified":"2018-05-24T21:28:57","modified_gmt":"2018-05-24T19:28:57","slug":"die-freiheit-der-andersdenkenden","status":"publish","type":"post","link":"https:\/\/www.zanetti.ch\/?p=239","title":{"rendered":"Die Freiheit der Andersdenkenden"},"content":{"rendered":"<p>Der linke Mainstream in Deutschland, zu dem auch die gegenw\u00e4rtige Regierungskoalition zu z\u00e4hlen ist, kann einen Sieg verbuchen. Getreu der Devise des Grossen Vorsitzenden Mao, dass es gen\u00fcge, einen zu bestrafen, um Hunderte zu erziehen, wurde an Finanzpolitiker und Buchautor Thilo Sarrazin ein Exempel der Macht statuiert.<!--more--><\/p>\n<p>Eine Niederlage musste daf\u00fcr die Freiheit einstecken, die Freiheit, sich eine Meinung zu bilden und diese, ohne Furcht vor staatlicher Repression, auch \u00e4ussern zu d\u00fcrfen. Die meisten Journalisten und Politiker reagierten auf Sarrazins Buch reflexartig. Die Kanzlerin bezeichnete es, ohne es gelesen zu haben, als \u201ewenig hilfreich\u201c, und die Meute pr\u00fcgelte auf den SPD-Mann ein, der ein politisches Tabu verletzt hatte. Nur Wenige setzten sich mit dem Inhalt des Buches auseinander und folgerten daraus, ob es zu Recht ver\u00f6ffentlicht worden sei, oder nicht.<\/p>\n<p>Doch, seit wann m\u00fcssen B\u00fccher hilfreich sein? Hat ein einziges der B\u00fccher, die Moritz Leuenberger w\u00e4hrend seiner Arbeitszeit als Bundesrat verfasste und ver\u00f6ffentlichte, die Gesellschaft auch nur einen Millimeter weitergebracht? Doch niemand auf b\u00fcrgerlicher Seite kam je auf die Idee, ihm wegen Irrelevanz den Mund verbieten zu wollen. Gewiss auch Niklaus Meienberg, Jean Ziegler und andere linke Intellektuelle mussten sich massive Kritik gefallen lassen. Doch nie hat einer von ihnen wegen einer ge\u00e4usserten Meinung seinen Job verloren.<\/p>\n<p>Es unerheblich, ob eine Meinung richtig ist oder falsch. Das hat den Staat und dessen Funktion\u00e4re schlicht und einfach nicht zu interessieren. Eine Meinung darf ge\u00e4ussert werden, weil sie eine Meinung ist. Und nur wenn sie ge\u00e4ussert wird, kann auch dar\u00fcber gestritten werden. In der Pr\u00e4ambel zu unserer Bundesverfassung findet sich der sch\u00f6ne Satz, wonach sich die St\u00e4rke des Volkes am Wohle der Schwachen misst. Dementsprechend sind gerade Meinungen, die nicht dem Mainstream entsprechen, besonders schutzw\u00fcrdig.<\/p>\n\n<div class=\"twitter-share\"><a href=\"https:\/\/twitter.com\/intent\/tweet?via=zac1967\" class=\"twitter-share-button\" data-size=\"large\">Twittern<\/a><\/div>\n","protected":false},"excerpt":{"rendered":"<p>Der linke Mainstream in Deutschland, zu dem auch die gegenw\u00e4rtige Regierungskoalition zu z\u00e4hlen ist, kann einen Sieg verbuchen. Getreu der Devise des Grossen Vorsitzenden Mao, dass es gen\u00fcge, einen zu bestrafen, um Hunderte zu erziehen, wurde an Finanzpolitiker und Buchautor Thilo Sarrazin ein Exempel der Macht statuiert.<\/p>\n","protected":false},"author":1,"featured_media":0,"comment_status":"open","ping_status":"open","sticky":false,"template":"","format":"standard","meta":{"_exactmetrics_skip_tracking":false,"_exactmetrics_sitenote_active":false,"_exactmetrics_sitenote_note":"","_exactmetrics_sitenote_category":0,"jetpack_post_was_ever_published":false,"_jetpack_newsletter_access":"","_jetpack_dont_email_post_to_subs":false,"_jetpack_newsletter_tier_id":0,"_jetpack_memberships_contains_paywalled_content":false,"_jetpack_memberships_contains_paid_content":false,"footnotes":"","jetpack_publicize_message":"","jetpack_publicize_feature_enabled":true,"jetpack_social_post_already_shared":false,"jetpack_social_options":{"image_generator_settings":{"template":"highway","default_image_id":0,"font":"","enabled":false},"version":2}},"categories":[13,5],"tags":[21,22,23,24,25,26,27,28,29,30,31,32],"class_list":["post-239","post","type-post","status-publish","format-standard","hentry","category-politische-korrektheit-meinungsausserungsfreiheit","category-staat-und-demokratie","tag-bundesverfassung","tag-bv","tag-freiheit","tag-freiheit-der-andersdenkenden","tag-jean-ziegler","tag-mainstream","tag-mao","tag-meienberg","tag-meinung","tag-moritz-leuenberger","tag-thilo-sarrazin","tag-voltaire"],"jetpack_publicize_connections":[],"jetpack_featured_media_url":"","jetpack_sharing_enabled":true,"jetpack_shortlink":"https:\/\/wp.me\/p6ORi5-3R","_links":{"self":[{"href":"https:\/\/www.zanetti.ch\/index.php?rest_route=\/wp\/v2\/posts\/239","targetHints":{"allow":["GET"]}}],"collection":[{"href":"https:\/\/www.zanetti.ch\/index.php?rest_route=\/wp\/v2\/posts"}],"about":[{"href":"https:\/\/www.zanetti.ch\/index.php?rest_route=\/wp\/v2\/types\/post"}],"author":[{"embeddable":true,"href":"https:\/\/www.zanetti.ch\/index.php?rest_route=\/wp\/v2\/users\/1"}],"replies":[{"embeddable":true,"href":"https:\/\/www.zanetti.ch\/index.php?rest_route=%2Fwp%2Fv2%2Fcomments&post=239"}],"version-history":[{"count":1,"href":"https:\/\/www.zanetti.ch\/index.php?rest_route=\/wp\/v2\/posts\/239\/revisions"}],"predecessor-version":[{"id":1610,"href":"https:\/\/www.zanetti.ch\/index.php?rest_route=\/wp\/v2\/posts\/239\/revisions\/1610"}],"wp:attachment":[{"href":"https:\/\/www.zanetti.ch\/index.php?rest_route=%2Fwp%2Fv2%2Fmedia&parent=239"}],"wp:term":[{"taxonomy":"category","embeddable":true,"href":"https:\/\/www.zanetti.ch\/index.php?rest_route=%2Fwp%2Fv2%2Fcategories&post=239"},{"taxonomy":"post_tag","embeddable":true,"href":"https:\/\/www.zanetti.ch\/index.php?rest_route=%2Fwp%2Fv2%2Ftags&post=239"}],"curies":[{"name":"wp","href":"https:\/\/api.w.org\/{rel}","templated":true}]}}