{"id":33,"date":"2008-12-11T17:55:49","date_gmt":"2008-12-11T15:55:49","guid":{"rendered":"http:\/\/www.blog.zanetti.ch\/?p=33"},"modified":"2008-12-11T18:00:36","modified_gmt":"2008-12-11T16:00:36","slug":"zweierlei-mass","status":"publish","type":"post","link":"https:\/\/www.zanetti.ch\/?p=33","title":{"rendered":"Zweierlei Mass"},"content":{"rendered":"<p><meta http-equiv=\"Content-Type\" content=\"text\/html; charset=utf-8\" \/><meta name=\"ProgId\" content=\"Word.Document\" \/><meta name=\"Generator\" content=\"Microsoft Word 10\" \/><meta name=\"Originator\" content=\"Microsoft Word 10\" \/>\n<link href=\"file:\/\/\/C:%5CDOKUME%7E1%5CADMINI%7E1%5CLOKALE%7E1%5CTemp%5Cmsohtml1%5C01%5Cclip_filelist.xml\" rel=\"File-List\" \/>\n<style><!--  \/* Style Definitions *\/  p.MsoNormal, li.MsoNormal, div.MsoNormal \t{mso-style-parent:\"\"; \tmargin:0cm; \tmargin-bottom:.0001pt; \tmso-pagination:widow-orphan; \tfont-size:12.0pt; \tfont-family:Arial; \tmso-fareast-font-family:\"Times New Roman\"; \tmso-bidi-font-family:Arial; \tmso-bidi-language:AR-SA;} a:link, span.MsoHyperlink \t{color:blue; \ttext-decoration:underline; \ttext-underline:single;} a:visited, span.MsoHyperlinkFollowed \t{color:purple; \ttext-decoration:underline; \ttext-underline:single;} @page Section1 \t{size:595.3pt 841.9pt; \tmargin:70.85pt 70.85pt 2.0cm 70.85pt; \tmso-header-margin:35.4pt; \tmso-footer-margin:35.4pt; \tmso-paper-source:0;} div.Section1 \t{page:Section1;} --> <\/style>\n<p><!--[if gte mso 10]>\n\n\n\n<style>  \/* Style Definitions *\/  table.MsoNormalTable \t{mso-style-name:\"Normale Tabelle\"; \tmso-tstyle-rowband-size:0; \tmso-tstyle-colband-size:0; \tmso-style-noshow:yes; \tmso-style-parent:\"\"; \tmso-padding-alt:0cm 5.4pt 0cm 5.4pt; \tmso-para-margin:0cm; \tmso-para-margin-bottom:.0001pt; \tmso-pagination:widow-orphan; \tfont-size:10.0pt; \tfont-family:\"Times New Roman\";} <\/style>\n\n <![endif]--><\/p>\n<p class=\"MsoNormal\">Als ich mich vor zwei Jahren in einer Interpellation erkundigte, wie es eigentlich in personeller Hinsicht um den Linksdrall in der z\u00fcrcherischen Bildungsdirektion bestellt sei, ging ein Aufschrei der Emp\u00f6rung durch die Linke. Alleine schon die Mutmassung, es k\u00f6nnten bei der Bestellung von Fachgremien auch sachfremde Kriterien zum Tragen kommen, veranlasste eine Genossin im Rat dazu meinen Vorstoss als \u201eSkandal\u201c zu bezeichnen.<\/p>\n<p class=\"MsoNormal\"><o:p>\u00a0<\/o:p><\/p>\n<p class=\"MsoNormal\">Auch Genossin Bildungsdirektorin verwahrte sich selbstredend gegen den Verdacht, sie interessiere sich f\u00fcr die politische Ausrichtung ihrer Mitarbeiter. Dies w\u00fcrden alleine schon die Bundesverfassung und der Datenschutz verbieten, wurde ausgef\u00fchrt. So ist es vermutlich bloss Zufall, dass im Generalsekretariat der Bildungsdirektion niemand zu finden ist, der sich \u00f6ffentlich als Anh\u00e4nger der SVP zu erkennen geben w\u00fcrde.<\/p>\n<p class=\"MsoNormal\"><o:p>\u00a0<\/o:p><\/p>\n<p class=\"MsoNormal\">Ganz so klar scheinen die Regeln allerdings nicht zu sein. Zumindest nicht, was \u201eilloyales Verhalten\u201c gegen\u00fcber dem kanton angeht. Hier gilt: Wenn schon illoyal, dann gef\u00e4lligst mit einer Position links vom Regierungsrat. Wer beispielsweise gegen eine erst noch zu beschliessende Standortverlegung einer Hochschule ein paar Flugbl\u00e4tter verteilt, kriegt die geballte Macht der Bildungsverwaltung zu sp\u00fcren. Wer hingegen gegen einen Ausweisungsentscheid des Gesamtregierungsrats protestiert und \u201eSolidarit\u00e4t mit allen!\u201c schreit, kann mit Wohlwollen rechnen.<\/p>\n<p class=\"MsoNormal\"><o:p>\u00a0<\/o:p><\/p>\n<p class=\"MsoNormal\">Ich habe dazu eine <a href=\"http:\/\/www.kantonsrat.zh.ch\/Dokumente\/Gesch%C3%A4fte\/2008\/K08395.doc\">Anfrage<\/a> eingereicht und warte nun gespannt auf die Antwort des Regierungsrats.<\/p>\n\n<div class=\"twitter-share\"><a href=\"https:\/\/twitter.com\/intent\/tweet?via=zac1967\" class=\"twitter-share-button\" data-size=\"large\">Twittern<\/a><\/div>\n","protected":false},"excerpt":{"rendered":"<p>Als ich mich vor zwei Jahren in einer Interpellation erkundigte, wie es eigentlich in personeller Hinsicht um den Linksdrall in der z\u00fcrcherischen Bildungsdirektion bestellt sei, ging ein Aufschrei der Emp\u00f6rung durch die Linke. Alleine schon die Mutmassung, es k\u00f6nnten bei der Bestellung von Fachgremien auch sachfremde Kriterien zum Tragen kommen, veranlasste eine Genossin im Rat &hellip; <a href=\"https:\/\/www.zanetti.ch\/?p=33\" class=\"more-link\"><span class=\"screen-reader-text\">Zweierlei Mass<\/span> weiterlesen <span class=\"meta-nav\">&rarr;<\/span><\/a><\/p>\n","protected":false},"author":1,"featured_media":0,"comment_status":"open","ping_status":"open","sticky":false,"template":"","format":"standard","meta":{"_exactmetrics_skip_tracking":false,"_exactmetrics_sitenote_active":false,"_exactmetrics_sitenote_note":"","_exactmetrics_sitenote_category":0,"jetpack_post_was_ever_published":false,"_jetpack_newsletter_access":"","_jetpack_dont_email_post_to_subs":false,"_jetpack_newsletter_tier_id":0,"_jetpack_memberships_contains_paywalled_content":false,"_jetpack_memberships_contains_paid_content":false,"footnotes":"","jetpack_publicize_message":"","jetpack_publicize_feature_enabled":true,"jetpack_social_post_already_shared":false,"jetpack_social_options":{"image_generator_settings":{"template":"highway","default_image_id":0,"font":"","enabled":false},"version":2}},"categories":[1,8,5],"tags":[],"class_list":["post-33","post","type-post","status-publish","format-standard","hentry","category-allgemein","category-bildung","category-staat-und-demokratie"],"jetpack_publicize_connections":[],"jetpack_featured_media_url":"","jetpack_sharing_enabled":true,"jetpack_shortlink":"https:\/\/wp.me\/p6ORi5-x","_links":{"self":[{"href":"https:\/\/www.zanetti.ch\/index.php?rest_route=\/wp\/v2\/posts\/33","targetHints":{"allow":["GET"]}}],"collection":[{"href":"https:\/\/www.zanetti.ch\/index.php?rest_route=\/wp\/v2\/posts"}],"about":[{"href":"https:\/\/www.zanetti.ch\/index.php?rest_route=\/wp\/v2\/types\/post"}],"author":[{"embeddable":true,"href":"https:\/\/www.zanetti.ch\/index.php?rest_route=\/wp\/v2\/users\/1"}],"replies":[{"embeddable":true,"href":"https:\/\/www.zanetti.ch\/index.php?rest_route=%2Fwp%2Fv2%2Fcomments&post=33"}],"version-history":[{"count":0,"href":"https:\/\/www.zanetti.ch\/index.php?rest_route=\/wp\/v2\/posts\/33\/revisions"}],"wp:attachment":[{"href":"https:\/\/www.zanetti.ch\/index.php?rest_route=%2Fwp%2Fv2%2Fmedia&parent=33"}],"wp:term":[{"taxonomy":"category","embeddable":true,"href":"https:\/\/www.zanetti.ch\/index.php?rest_route=%2Fwp%2Fv2%2Fcategories&post=33"},{"taxonomy":"post_tag","embeddable":true,"href":"https:\/\/www.zanetti.ch\/index.php?rest_route=%2Fwp%2Fv2%2Ftags&post=33"}],"curies":[{"name":"wp","href":"https:\/\/api.w.org\/{rel}","templated":true}]}}