{"id":495221,"date":"2023-10-30T18:28:04","date_gmt":"2023-10-30T17:28:04","guid":{"rendered":"https:\/\/www.zanetti.ch\/?p=495221"},"modified":"2023-11-28T15:43:14","modified_gmt":"2023-11-28T14:43:14","slug":"wer-die-menschenwuerde-verletzt-gehoert-bestraft-eine-impfpflicht-verletzt-die-menschenwuerde","status":"publish","type":"post","link":"https:\/\/www.zanetti.ch\/?p=495221","title":{"rendered":"Wer die Menschenw\u00fcrde verletzt, geh\u00f6rt bestraft! Eine Impfpflicht verletzt die Menschenw\u00fcrde&#8230;"},"content":{"rendered":"<p><a href=\"http:\/\/www.zaavv.com\">Das Zentrum zur Aufarbeitung, Aufkl\u00e4rung, juristischen Verfolgung und Verhinderung von Verbrechen gegen die Menschheit aufgrund der Corona-Ma\u00dfnahmen (ZAAVV)<\/a> und verb\u00fcndete Organisationen reichen am 10. Dezember 2023 bei der Bundesanwaltschaft in Karlsruhe Strafanzeigen ein gegen Politiker, Minister, Richter und weitere Personen, die zur Einf\u00fchrung einer einrichtungsbezogenen Impfpflicht bzw. Impfpflicht f\u00fcr Angeh\u00f6rige der Bundeswehr beitrugen und sich damit mutma\u00dflich eines Verbrechens gegen die Menschheit gem. \u00a7 7 des V\u00f6lkerstrafgesetzbuchs schuldig machten. Die Anzeigen werden am 10.\u00a0Dezember 2023 bei der Bundesanwaltschaft in Karlsruhe eingereicht und vor Ort im Rahmen einer grossen Medienkonferenz der \u00d6ffentlichkeit vorgestellt.<!--more--><\/p>\n<p>Die vom Grundgesetz \u2013 in Artikel 1 \u2013 f\u00fcr unantastbar erkl\u00e4rte \u00abW\u00fcrde des Menschen\u00bb verbietet jegliches Aufwiegen und Werten von Menschenleben als dem h\u00f6chsten Rechtsgut, das ein Staat zu sch\u00fctzen hat. Es ist darum unerheblich, wie viele Menschenleben durch die verschiedenen Massnahmen m\u00f6glicherweise gerettet wurden. Der Staat darf keine generell-abstrakten Normen erlassen, wenn er dabei auch nur in Betracht zieht, dass durch deren Umsetzung Menschen an Leib und Leben zu Schaden kommen werden.<\/p>\n<p><a href=\"https:\/\/www.zanetti.ch\/wp-content\/uploads\/2023\/10\/Argumentarium-KA1012-12.-November-2023.pdf\">Argumentarium KA1012 &#8211; 12. November 2023<\/a><\/p>\n<p>Dass dieses Verbot kategorisch ist, also keine Ausnahmen zul\u00e4sst, haben das Bundesverfassungsgericht und der Europ\u00e4ische Gerichtshof f\u00fcr Menschenrechte (EGMR) mehrfach unmissverst\u00e4ndlich klargemacht: So urteilte das BVerfG etwa im Fall \u00abG\u00e4fgen\u00bb, dass \u00abMethoden, die die Freiheit der Willensentschlie\u00dfung nach \u00a7 136 a StPO beeintr\u00e4chtigen, verboten sind, weil sie gegen die Menschenw\u00fcrde (Art. 1 Abs.1 Satz 1 Grundgesetz) versto\u00dfen. Der EGMR f\u00fcgte im gleichen Zusammenhang an, dass \u00abunabh\u00e4ngig vom Verhalten des Betroffenen auch zur Rettung von Leben und selbst im Fall eines Notstandes f\u00fcr den gesamten Staat [eine Verletzung der Menschenw\u00fcrde eines Einzelnen] nicht gerechtfertigt werden\u00bb k\u00f6nne. (EGMR Nr. 22978\/05 (Gro\u00dfe Kammer) &#8211; Urteil vom 1. Juni 2010 (G\u00e4fgen vs. Deutschland)<\/p>\n<p>Bedeutsam ist in diesem Zusammenhang auch das Urteil des Ersten Senats vom 15. Februar 2006 &#8211; 1 BvR 357\/05: \u00abDie Erm\u00e4chtigung der Streitkr\u00e4fte durch unmittelbare Einwirkung mit Waffengewalt ein Luftfahrzeug abzuschie\u00dfen, das gegen das Leben von Menschen eingesetzt werden soll, ist mit dem Recht auf Leben nach Art. 2 Abs. 2 Satz 1 GG in Verbindung mit der Menschenw\u00fcrdegarantie des Art. 1 Abs. 1 GG nicht vereinbar, soweit davon tatunbeteiligte Menschen an Bord des Luftfahrzeugs betroffen werden.\u00bb Die Diskussion um das TV-Experiment \u00abTerror\u00bb zeigten damals, warum solche Entscheide mit gutem Grund dem demokratischen Diskurs entzogen sind. Die W\u00fcrde des Menschen ist unantastbar. Punkt. Wer sie als Repr\u00e4sentant des Staates antastet, bewegt sich ausserhalb des Grundgesetzes und geh\u00f6rt bestraft.<\/p>\n<p>Mit Einf\u00fchrung der einrichtungsbezogenen Impfpflicht und der Impfpflicht f\u00fcr Angeh\u00f6rige der Bundeswehr haben diejenigen, die diesem Gesetz oder Befehl zugestimmt haben, oder dies juristisch nicht verhindert haben, den systematischen und ausgedehnten Tod eines Teils der Zivilbev\u00f6lkerung, die dieser Pflicht unterworfen waren und teilweise noch immer sind, billigend in Kauf genommen. Das Bundesverfassungsgericht hat in seiner Entscheidung \u00fcber die einrichtungsbezogene Impfflicht klargestellt (Beschluss vom 27. April 2022 &#8211; 1 BvR 2649\/21, Rn. 225), dass das Paul-Ehrlich-Institut im Jahr 2021 bei 78 Verdachtsmeldungen, die einen Todesfall betrafen, einen urs\u00e4chlichen Zusammenhang mit der Impfung als m\u00f6glich oder wahrscheinlich bewertet hat. Eine Abw\u00e4gung Leben gegen Leben steht aber gerade au\u00dferhalb des Werterahmens einer zivilisierten Gesellschaft und ist somit sowohl einer Beschlussfassung durch ein Parlament als auch einer Erlaubnis durch damit befasste Gerichte entzogen. Sowohl das V\u00f6lkerstrafgesetzbuch als auch das Internationale R\u00f6mische Statut stellen das staatliche Abweichen von diesem Werterahmen bewusst und ausdr\u00fccklich unter Strafe.<\/p>\n<p>Es geht mit dieser Strafanzeige nicht nur um die Verfolgung und Durchsetzung juristischer Anspr\u00fcche im engeren Sinn. Mindestens so wichtig ist das damit verbundene Anstossen einer Diskussion in Medien und \u00d6ffentlichkeit, um eine Wiederholung \u00e4hnlicher Verbrechen gegen die Rechte und Freiheiten der Menschen zu verhindern.<\/p>\n<p><a href=\"https:\/\/www.zanetti.ch\/wp-content\/uploads\/2023\/10\/Argumentarium-KA1012-12.-November-2023.pdf\">Argumentarium KA1012 &#8211; 12. November 2023<\/a><\/p>\n<p>&nbsp;<\/p>\n\n<div class=\"twitter-share\"><a href=\"https:\/\/twitter.com\/intent\/tweet?via=zac1967\" class=\"twitter-share-button\" data-size=\"large\">Twittern<\/a><\/div>\n","protected":false},"excerpt":{"rendered":"<p>Das Zentrum zur Aufarbeitung, Aufkl\u00e4rung, juristischen Verfolgung und Verhinderung von Verbrechen gegen die Menschheit aufgrund der Corona-Ma\u00dfnahmen (ZAAVV) und verb\u00fcndete Organisationen reichen am 10. Dezember 2023 bei der Bundesanwaltschaft in Karlsruhe Strafanzeigen ein gegen Politiker, Minister, Richter und weitere Personen, die zur Einf\u00fchrung einer einrichtungsbezogenen Impfpflicht bzw. Impfpflicht f\u00fcr Angeh\u00f6rige der Bundeswehr beitrugen und sich &hellip; <a href=\"https:\/\/www.zanetti.ch\/?p=495221\" class=\"more-link\"><span class=\"screen-reader-text\">Wer die Menschenw\u00fcrde verletzt, geh\u00f6rt bestraft! Eine Impfpflicht verletzt die Menschenw\u00fcrde&#8230;<\/span> weiterlesen <span class=\"meta-nav\">&rarr;<\/span><\/a><\/p>\n","protected":false},"author":1,"featured_media":0,"comment_status":"open","ping_status":"open","sticky":false,"template":"","format":"standard","meta":{"_exactmetrics_skip_tracking":false,"_exactmetrics_sitenote_active":false,"_exactmetrics_sitenote_note":"","_exactmetrics_sitenote_category":0,"jetpack_post_was_ever_published":false,"_jetpack_newsletter_access":"","_jetpack_dont_email_post_to_subs":false,"_jetpack_newsletter_tier_id":0,"_jetpack_memberships_contains_paywalled_content":false,"_jetpack_memberships_contains_paid_content":false,"footnotes":"","jetpack_publicize_message":"","jetpack_publicize_feature_enabled":true,"jetpack_social_post_already_shared":true,"jetpack_social_options":{"image_generator_settings":{"template":"highway","default_image_id":0,"font":"","enabled":false},"version":2}},"categories":[1],"tags":[],"class_list":["post-495221","post","type-post","status-publish","format-standard","hentry","category-allgemein"],"jetpack_publicize_connections":[],"jetpack_featured_media_url":"","jetpack_sharing_enabled":true,"jetpack_shortlink":"https:\/\/wp.me\/p6ORi5-24Pr","_links":{"self":[{"href":"https:\/\/www.zanetti.ch\/index.php?rest_route=\/wp\/v2\/posts\/495221","targetHints":{"allow":["GET"]}}],"collection":[{"href":"https:\/\/www.zanetti.ch\/index.php?rest_route=\/wp\/v2\/posts"}],"about":[{"href":"https:\/\/www.zanetti.ch\/index.php?rest_route=\/wp\/v2\/types\/post"}],"author":[{"embeddable":true,"href":"https:\/\/www.zanetti.ch\/index.php?rest_route=\/wp\/v2\/users\/1"}],"replies":[{"embeddable":true,"href":"https:\/\/www.zanetti.ch\/index.php?rest_route=%2Fwp%2Fv2%2Fcomments&post=495221"}],"version-history":[{"count":4,"href":"https:\/\/www.zanetti.ch\/index.php?rest_route=\/wp\/v2\/posts\/495221\/revisions"}],"predecessor-version":[{"id":495236,"href":"https:\/\/www.zanetti.ch\/index.php?rest_route=\/wp\/v2\/posts\/495221\/revisions\/495236"}],"wp:attachment":[{"href":"https:\/\/www.zanetti.ch\/index.php?rest_route=%2Fwp%2Fv2%2Fmedia&parent=495221"}],"wp:term":[{"taxonomy":"category","embeddable":true,"href":"https:\/\/www.zanetti.ch\/index.php?rest_route=%2Fwp%2Fv2%2Fcategories&post=495221"},{"taxonomy":"post_tag","embeddable":true,"href":"https:\/\/www.zanetti.ch\/index.php?rest_route=%2Fwp%2Fv2%2Ftags&post=495221"}],"curies":[{"name":"wp","href":"https:\/\/api.w.org\/{rel}","templated":true}]}}