{"id":495259,"date":"2024-02-17T12:09:14","date_gmt":"2024-02-17T11:09:14","guid":{"rendered":"https:\/\/www.zanetti.ch\/?p=495259"},"modified":"2024-02-17T12:09:14","modified_gmt":"2024-02-17T11:09:14","slug":"die-unlauteren-methoden-des-qualitaetsjournalisten-lukas-haeuptli-von-der-republik","status":"publish","type":"post","link":"https:\/\/www.zanetti.ch\/?p=495259","title":{"rendered":"Die unlauteren Methoden des Qualit\u00e4tsjournalisten Lukas H\u00e4uptli von der \u00abRepublik\u00bb"},"content":{"rendered":"<p>\u00abDie <em>Republik<\/em> ist eine Dienstleistung f\u00fcr interessierte Menschen in einer komplexen Welt. Wir recherchieren, fragen nach, ordnen ein und decken auf. Und liefern Ihnen Fakten und Zusammenh\u00e4nge als Grundlage f\u00fcr Ihre eigenen \u00dcberlegungen und Entscheidungen.\u00bb \u2013 Soweit die Eigenwerbung. In der Realit\u00e4t geht es einzig und allein um Ideologie. Ein Beispiel f\u00fcr Thesenjournalismus der \u00fcbelsten Sorte lieferte gerade der Ressortleiter \u00abPolitik &amp; Recherche\u00bb, Lukas H\u00e4uptli.<\/p>\n<p>Vergangene Woche erreichte mich eine E-Mail von ihm mit folgendem Inhalt:<!--more--><\/p>\n<p><em>Sehr geehrter Herr Zanetti<\/em><\/p>\n<p><em>Ich bin Redaktor des Magazins \u00abRepublik\u00bb in Z\u00fcrich und habe Ihnen am 6. 2. 2024 eine Medienanfrage zur Zuger Atlantis Stiftung und zum ZAAVV zukommen lassen.<\/em><\/p>\n<p><em>Weil ich seither nichts von Ihnen geh\u00f6rt habe, erlaube ich mir, Ihnen meine &#8211; um eine Frage erg\u00e4nzte &#8211; Anfrage nochmals zukommen zu lassen.<\/em><\/p>\n<p><em>N\u00e4mlich:<\/em><\/p>\n<p><em>1.) Was ist Ihre Aufgabe im Stiftungsrat der Atlantis Stiftung?\u00a0<\/em><\/p>\n<p><em>2.) Sind Sie von Hans-Georg Maassen &#8211; sei es im Rahmen der Stiftung, sei es ausserhalb der Stiftung &#8211; mandatiert?<\/em><\/p>\n<p><em>3.) Welche Funktion haben Sie im\u00a0<a href=\"https:\/\/www.zaavv.com\/de-de\/\">Zentrum zur\u00a0Aufarbeitung,\u00a0Aufkl\u00e4rung, juristischen\u00a0Verfolgung und\u00a0Verhinderung von Verbrechen gegen die Menschheit aufgrund der Corona-Ma\u00dfnahmen (ZAAVV)<\/a>?<\/em><\/p>\n<p><em>4.) Was sagen Sie zur Forderung von Herrn Lars H\u00fcnich (der am 10. 12. 2023 zusammen mit Ihnen an der ZAAVV-Pressekonferenz in Karlsruhe aufgetreten ist) zur Abschaffung des Parteienstaats (vgl. <a href=\"https:\/\/www.tagesschau.de\/inland\/regional\/brandenburg\/rbb-parteienstaat-aeusserung-von-brandenburger-afd-politiker-ruft-verfassungsschutz-auf-den-plan-100.html\">https:\/\/www.tagesschau.de\/inland\/regional\/brandenburg\/rbb-parteienstaat-aeusserung-von-brandenburger-afd-politiker-ruft-verfassungsschutz-auf-den-plan-100.html<\/a>)?<\/em><\/p>\n<p><em>5.) Welche Funktion &#8211; ausser Ihrem Verwaltungsratsmandat &#8211; haben Sie in der Firma <a href=\"https:\/\/zh.chregister.ch\/cr-portal\/auszug\/auszug.xhtml?uid=CHE-113.616.056\">9G Werkstatt AG<\/a>?<\/em><\/p>\n<p><em>6.) Wie kam es zur Zusammenarbeit zwischen Ihnen und Ralf Ludwig?<\/em><\/p>\n<p><em>7.) Wie stehen Sie politisch zur Neuen Rechten Deutschlands?<\/em><\/p>\n<p><em>Es w\u00e4re nett, wenn Sie mir Ihre Antwort auf meine Anfrage bis n\u00e4chsten Mittwochmittag, 21. 2. 2024, zustellen k\u00f6nnten.<\/em><\/p>\n<p><em>F\u00fcr ihre Bem\u00fchungen danke ich Ihnen im Voraus und verbleibe mit freundlichen Gr\u00fcssen<\/p>\n<p>Lukas H\u00e4uptli<\/p>\n<p>Ressortleiter<br \/>\nPolitik &amp; Recherche<br \/>\nRepublik<\/p>\n<p>Sihlhallenstrasse 1<br \/>\n8004 Z\u00fcrich<\/p>\n<p>+41 79 669 42 25<br \/>\n<a href=\"mailto:lukas.haeuptli@republik.ch\">lukas.haeuptli@republik.ch<\/a><br \/>\n<a href=\"http:\/\/www.republik.ch\">www.republik.ch<\/a><\/em><\/p>\n<p style=\"text-align: center;\">***<\/p>\n<p>Bereits die Vielf\u00e4ltigkeit der Fragen macht klar, dass hier Verbindungen geschaffen werden sollen, die das Herz eines jeden Verschw\u00f6rungstheoretikers h\u00f6her schlagen lassen. Man w\u00e4hnt sich inmitten von \u00abDas foucaultsche Pendel\u00bb von Umberto Eco.<\/p>\n<p>Nun ist mir Lukas H\u00e4uptli nat\u00fcrlich nicht unbekannt. Er ist ein strammer linker Ideologe, der sich gerne im Ton vergreift. Auf \u00abX\u00bb habe ich ihn darum schon seit l\u00e4ngerem geblockt. Da es aber nicht nur um meine Person geht, sondern um Menschen und Personen, mit denen ich teilweise freundschaftlich verbunden bin, liess ich mich zu folgender Antwort herab:<\/p>\n<p><em>Von einer Anfrage vom 6.2. weiss ich nichts.<\/em><\/p>\n<p><em>Zu Ihren Fragen nehme ich wie folgt Stellung:<\/em><\/p>\n<p><em>1.) Was ist Ihre Aufgabe im Stiftungsrat der Atlantis Stiftung?<\/em><\/p>\n<p><em>Die Aufgaben eines Stiftungsrates ergebe sich aus dem Gesetz und der Stiftungsurkunde.<\/em><\/p>\n<p><em>2.) Sind Sie von Hans-Georg Maassen &#8211; sei es im Rahmen der Stiftung, sei es ausserhalb der Stiftung &#8211; mandatiert?<\/em><\/p>\n<p><em>Nein.<\/em><\/p>\n<p><em>3.) Welche Funktion haben Sie im Zentrum zur Aufarbeitung, Aufkl\u00e4rung, juristischen Verfolgung und Verhinderung von Verbrechen gegen die Menschheit aufgrund der Corona-Ma\u00dfnahmen (ZAAVV)?<\/em><\/p>\n<p><em>Co-Gesch\u00e4ftsf\u00fchrer der \u00abWerkstatt\u00bb.<\/em><\/p>\n<p><em>4.) Was sagen Sie zur Forderung von Herrn Lars H\u00fcnich (der am 10. 12. 2023 zusammen mit Ihnen an der ZAAVV-Pressekonferenz in Karlsruhe aufgetreten ist) zur Abschaffung des Parteienstaats (vgl. <a href=\"https:\/\/www.tagesschau.de\/inland\/regional\/brandenburg\/rbb-parteienstaat-aeusserung-von-brandenburger-afd-politiker-ruft-verfassungsschutz-auf-den-plan-100.html\">https:\/\/www.tagesschau.de\/inland\/regional\/brandenburg\/rbb-parteienstaat-aeusserung-von-brandenburger-afd-politiker-ruft-verfassungsschutz-auf-den-plan-100.html<\/a>)?<\/em><\/p>\n<p><em>Das kommt davon, wenn Haltungs- und Qualit\u00e4tsjournalisten im Kreis herum abschreiben.<\/em><\/p>\n<p><em>Lars H\u00fcnich sagt: \u00abParteien sind nur ein Teil der politischen Willensbildung. Der andere Teil ist das Volk und das muss in Zukunft mehr Mitbestimmungsrechte haben. Deshalb bin ich ein Gegner von Parteien, die den Staat, die Judikative und die Medien nur als willf\u00e4hrige Ausf\u00fchrungsorgane zur Durchsetzung ihrer Parteiideologie betrachten. Nichts anderes besagt ja das Wort \u201eParteienstaat.\u00bb<\/em><\/p>\n<p><em>Und weiter: \u00abIch habe vier grunds\u00e4tzliche Reformforderungen. Ich bin auch der Meinung, dass wir erst wieder in einem freien, fairen und sachlichen Diskurs politische Inhalte diskutieren k\u00f6nnen, wenn diese umgesetzt sind. Erstens von Parteien unabh\u00e4ngige Medien, zweitens freie Wissenschaft, drittens echte Mitbestimmung der B\u00fcrger in Form von Volksentscheiden und viertens eine gesetzlich geregelte Politikerhaftung.\u00bb<\/em><\/p>\n<p><em>Quelle:<\/em><\/p>\n<p><em><a href=\"https:\/\/www.freilich-magazin.com\/politik\/lars-huenich-ueber-den-parteienstaat-afd-der-filz-ist-gegenteil-einer-freien-repraesentativen-demokratie\">https:\/\/www.freilich-magazin.com\/politik\/lars-huenich-ueber-den-parteienstaat-afd-der-filz-ist-gegenteil-einer-freien-repraesentativen-demokratie<\/a><\/em><\/p>\n<p><em>An dieser Aussage ist nicht das Geringste verwerflich oder auch nur fragw\u00fcrdig. Was die Tageschau aus Gr\u00fcnden der politischen Manipulation daraus gemacht hat, ist Dreck. <\/em><\/p>\n<p><em>5.) Welche Funktion &#8211; ausser Ihrem Verwaltungsratsmandat &#8211; haben Sie in der Firma 9G Werkstatt AG?<\/em><\/p>\n<p><em>Co-Gesch\u00e4ftsf\u00fchrer.<\/em><\/p>\n<p><em>6.) Wie kam es zur Zusammenarbeit zwischen Ihnen und Ralf Ludwig?<\/em><\/p>\n<p><em>Wir haben uns durch einen gemeinsamen Freund kennengelernt. Ich sch\u00e4tze ihn sehr und bewundere ihn f\u00fcr seine Energie.<\/em><\/p>\n<p><em>7.) Wie stehen Sie politisch zur Neuen Rechten Deutschlands?<\/em><\/p>\n<p><em>Ich weiss nicht, was das ist.<\/em><\/p>\n<p><em>zac.<\/em><\/p>\n<p style=\"text-align: center;\">***<\/p>\n<p>Die meisten dieser Fragen lassen sich mit einem Blick ins Handelsregister und ins ZGB\/OR leicht beantworten. Ein Primarsch\u00fcler w\u00e4re dazu in der Lage; der Ressortleiter \u00abPolitik &amp; Recherche\u00bb von \u00abRepublik\u00bb offenbar nicht.<\/p>\n<p>Und Lukas H\u00e4uptli will seinen Lesern auch keine \u00abFakten und Zusammenh\u00e4nge als Grundlage f\u00fcr Ihre eigenen \u00dcberlegungen und Entscheidungen\u00bb liefern. Im Gegenteil, er hat eine These im Kopf und l\u00e4sst sich von Fakten nicht beirren:<\/p>\n<p>&nbsp;<\/p>\n<p><em>Sehr geehrter Herr Zanetti<\/em><\/p>\n<p><em>Besten Dank f\u00fcr Ihre Antwort.<\/em><\/p>\n<p><em>Ich erlaube mir, Ihnen zwei Erg\u00e4nzungen zu meinen Fragen zuzustellen, n\u00e4mlich:<\/em><\/p>\n<p><em>Zur Frage 4.) Lars H\u00fcnich hat an einer AfD-Veranstaltung die Abschaffung des \u201eParteienstaats\u201c gefordert (vgl. <a href=\"https:\/\/www.zdf.de\/nachrichten\/politik\/deutschland\/afd-brandenburg-parteienstaat-abschaffen-100.html\">https:\/\/www.zdf.de\/nachrichten\/politik\/deutschland\/afd-brandenburg-parteienstaat-abschaffen-100.html<\/a>). Seine \u00c4usserung l\u00e4sst sich meines Erachtens nur als Forderung interpretieren, die Parteien, so wie sie heute existieren, abzuschaffen.<\/em><\/p>\n<p><em>Zur Frage 7.) Die \u201eNeue Rechte\u201c ist, finde ich, ein etablierter Begriff zur Umschreibung von Personen und Gruppierungen am radikal rechten Rand des politischen Spektrums (vgl.\u00a0<a href=\"https:\/\/www.bpb.de\/themen\/rechtsextremismus\/dossier-rechtsextremismus\/500801\/neue-rechte\/\">https:\/\/www.bpb.de\/themen\/rechtsextremismus\/dossier-rechtsextremismus\/500801\/neue-rechte\/<\/a>).<\/em><\/p>\n<p><em>Deshalb nochmals die Frage:<\/em><\/p>\n<p><em>Wie stehen Sie politisch zur Neuen Rechten Deutschlands bzw. zur radikalen Rechten Deutschlands?<\/em><\/p>\n<p><em>Oder meinetwegen:<\/em><\/p>\n<p><em>Wo verorten Sie sich selbst politisch?<\/em><\/p>\n<p><em>Es w\u00e4re nett, wenn Sie mir dazu bis n\u00e4chsten Dienstag (20. 2.) noch eine Antwort mailen k\u00f6nnten.<\/em><\/p>\n<p><em>Mit bestem Dank und freundlichen Gr\u00fcssen<\/em><\/p>\n<p><em>Lukas H\u00e4uptli<\/em><\/p>\n<p><em>Republik<\/em><\/p>\n<p style=\"text-align: center;\">***<\/p>\n<p>Ende der Diskussion.<\/p>\n\n<div class=\"twitter-share\"><a href=\"https:\/\/twitter.com\/intent\/tweet?via=zac1967\" class=\"twitter-share-button\" data-size=\"large\">Twittern<\/a><\/div>\n","protected":false},"excerpt":{"rendered":"<p>\u00abDie Republik ist eine Dienstleistung f\u00fcr interessierte Menschen in einer komplexen Welt. Wir recherchieren, fragen nach, ordnen ein und decken auf. Und liefern Ihnen Fakten und Zusammenh\u00e4nge als Grundlage f\u00fcr Ihre eigenen \u00dcberlegungen und Entscheidungen.\u00bb \u2013 Soweit die Eigenwerbung. In der Realit\u00e4t geht es einzig und allein um Ideologie. Ein Beispiel f\u00fcr Thesenjournalismus der \u00fcbelsten &hellip; <a href=\"https:\/\/www.zanetti.ch\/?p=495259\" class=\"more-link\"><span class=\"screen-reader-text\">Die unlauteren Methoden des Qualit\u00e4tsjournalisten Lukas H\u00e4uptli von der \u00abRepublik\u00bb<\/span> weiterlesen <span class=\"meta-nav\">&rarr;<\/span><\/a><\/p>\n","protected":false},"author":1,"featured_media":0,"comment_status":"open","ping_status":"closed","sticky":false,"template":"","format":"standard","meta":{"_exactmetrics_skip_tracking":false,"_exactmetrics_sitenote_active":false,"_exactmetrics_sitenote_note":"","_exactmetrics_sitenote_category":0,"jetpack_post_was_ever_published":false,"_jetpack_newsletter_access":"","_jetpack_dont_email_post_to_subs":false,"_jetpack_newsletter_tier_id":0,"_jetpack_memberships_contains_paywalled_content":false,"_jetpack_memberships_contains_paid_content":false,"footnotes":"","jetpack_publicize_message":"","jetpack_publicize_feature_enabled":true,"jetpack_social_post_already_shared":true,"jetpack_social_options":{"image_generator_settings":{"template":"highway","default_image_id":0,"font":"","enabled":false},"version":2}},"categories":[1],"tags":[],"class_list":["post-495259","post","type-post","status-publish","format-standard","hentry","category-allgemein"],"jetpack_publicize_connections":[],"jetpack_featured_media_url":"","jetpack_sharing_enabled":true,"jetpack_shortlink":"https:\/\/wp.me\/p6ORi5-24Q3","_links":{"self":[{"href":"https:\/\/www.zanetti.ch\/index.php?rest_route=\/wp\/v2\/posts\/495259","targetHints":{"allow":["GET"]}}],"collection":[{"href":"https:\/\/www.zanetti.ch\/index.php?rest_route=\/wp\/v2\/posts"}],"about":[{"href":"https:\/\/www.zanetti.ch\/index.php?rest_route=\/wp\/v2\/types\/post"}],"author":[{"embeddable":true,"href":"https:\/\/www.zanetti.ch\/index.php?rest_route=\/wp\/v2\/users\/1"}],"replies":[{"embeddable":true,"href":"https:\/\/www.zanetti.ch\/index.php?rest_route=%2Fwp%2Fv2%2Fcomments&post=495259"}],"version-history":[{"count":2,"href":"https:\/\/www.zanetti.ch\/index.php?rest_route=\/wp\/v2\/posts\/495259\/revisions"}],"predecessor-version":[{"id":495261,"href":"https:\/\/www.zanetti.ch\/index.php?rest_route=\/wp\/v2\/posts\/495259\/revisions\/495261"}],"wp:attachment":[{"href":"https:\/\/www.zanetti.ch\/index.php?rest_route=%2Fwp%2Fv2%2Fmedia&parent=495259"}],"wp:term":[{"taxonomy":"category","embeddable":true,"href":"https:\/\/www.zanetti.ch\/index.php?rest_route=%2Fwp%2Fv2%2Fcategories&post=495259"},{"taxonomy":"post_tag","embeddable":true,"href":"https:\/\/www.zanetti.ch\/index.php?rest_route=%2Fwp%2Fv2%2Ftags&post=495259"}],"curies":[{"name":"wp","href":"https:\/\/api.w.org\/{rel}","templated":true}]}}