{"id":696,"date":"2015-10-07T11:31:07","date_gmt":"2015-10-07T09:31:07","guid":{"rendered":"http:\/\/www.zanetti.ch\/?p=696"},"modified":"2015-10-08T13:55:46","modified_gmt":"2015-10-08T11:55:46","slug":"nicht-die-subvention-macht-die-kultur","status":"publish","type":"post","link":"https:\/\/www.zanetti.ch\/?p=696","title":{"rendered":"Nicht die Subvention macht die Kultur"},"content":{"rendered":"<p>Im Rahmen des soeben zu Ende gegangenen Z\u00fcrcher Filmfestivals wurde auch der Film \u201eD\u00fcrrenmatt \u2013 Eine Liebesgeschichte\u201c von Sabine Gisiger gezeigt. Das Publikum, das sich an jenem Abend vornehmlich aus Politikern und Menschen aus der Filmbranche zusammensetzte, war entz\u00fcckt \u00fcber die kurze Einleitung der Z\u00fcrcher Dokfilmerin. Nicht nur, weil nach dem Standardreferat der Stadtpr\u00e4sidentin alles eine willkommene Abwechslung darstellt.<!--more--><\/p>\n<p>Wenn zwei oder drei Schweizer Kulturschaffende und vor allem Filmemacher zusammenkommen, ist das Thema \u201eGeld\u201c mitten unter ihnen. Z\u00fcrich macht da keine Ausnahme. Bemerkenswert war allerdings das Argument von Frau Gisler f\u00fcr mehr Geld. Sie erz\u00e4hlte eine h\u00fcbsche Anekdote: Unter dem Eindruck des deutschen Bombardements von London sei Premierminister Winston Churchill best\u00fcrmt worden, das \u2013 \u00e4usserst bescheidene \u2013 Kulturbudget zu k\u00fcrzen und mehr Geld f\u00fcr R\u00fcstung aufzuwenden. Churchill habe das Ansinnen verworfen mit dem Argument: \u201eWof\u00fcr f\u00fchren wir denn diesen Krieg, wenn nicht f\u00fcr die Kultur?\u201c \u2013 Se non \u00e8 vero, \u00e8 ben trovato.<\/p>\n<p>Nun hat Churchill tats\u00e4chlich von Anfang von einem Kampf der zivilisierten Welt gegen die Barbarei gesprochen. Die Deutschen waren f\u00fcr ihn Hunnen, die sich der Zerst\u00f6rung der abendl\u00e4ndischen Kultur verschrieben haben. Doch verstand der englische Staatsmann unter Kultur gewiss nicht jene schwerm\u00fctigen Filme, an denen ausser dem Regisseur und Moritz Leuenberger niemand Gefallen findet. Kultur war f\u00fcr ihn die westliche Lebensart in all ihrer Vielfalt. Als Britischer Aristokrat geh\u00f6rte f\u00fcr ihn selbstverst\u00e4ndlich auch das Empire mitsamt seinen Kolonien dazu. Das d\u00fcrfte kaum dem entsprechen, was Frau Gisiger meint.<\/p>\n<p>Doch spinnen wir den Gedanken, den sie mit ihrer Geschichte aufgriff, weiter: Churchill k\u00e4mpfte von Anfang an mit vollem Einsatz gegen das Dritte Reich \u2013 zu Land, zu Wasser und in der Luft. Niemals wollte er sich ergeben. Wie sieht es heute aus?<\/p>\n<p>In der westlichen Welt, die Staatsm\u00e4nner durch Funktion\u00e4re ersetzte, hat niemand mehr die Kraft, sich den Hunnen von heute entgegenzustellen. Nicht nur das: Man weigert sich gar, die Gewalttaten extremistischer Muslimhorden als das zu bezeichnen, was es offenkundig ist: Als \u201eClash of Civilizations\u201c, als Kampf der Kulturen, wie der Titel von Samuel Phillips Huntingtons Buch gemeinhin \u00fcbersetzt wird. Der \u201eF\u00fchrer der freien Welt\u201c, Barack Obama, verurteilt es zwar, wenn islamistische Terrorbanden Dutzende von christlichen Geiseln vor laufender Kamera enthaupten. Doch in der entsprechenden Verlautbarung finden sich weder die Begriffe \u201echristlich\u201c noch \u201emuslimisch\u201c noch \u201eIslam\u201c.<\/p>\n<p><strong>Geld einstreichen und kapitulieren<\/strong><\/p>\n<p>Wer nur schon Bedenken \u00e4ussert hinsichtlich der Kompatibilit\u00e4t des politischen Islams mit aufgekl\u00e4rten westlichen Demokratien, wird umgehend des Rassismus bezichtigt, und zwar von den gleichen Leuten, f\u00fcr die nur Kultur ist, was Subventionen erh\u00e4lt, und f\u00fcr die es nie genug Subventionen geben kann. Ja, anstatt f\u00fcr ihre kulturellen Freiheiten einzustehen, unterwerfen sich diese Leute einer freiwilligen Zensur. Bloss keinen der, ach so d\u00fcnnh\u00e4utigen, Muslime beleidigen! Zur Kompensation gibt es ja die katholische Kirche, die keine Selbstmordattent\u00e4ter ausschw\u00e4rmen l\u00e4sst.<\/p>\n<p>Im Gegensatz zur Auffassung vieler linker Kulturschaffender ist Kultur nicht nur, was subventioniert wird. Zu der Kultur, f\u00fcr die es sich einzustehen lohnt, geh\u00f6rt unser gesamter \u201eway of life\u201c, unser freiheitliches Rechtssystem, unsere individuellen Freiheiten, unsere Unabh\u00e4ngigkeit und ja, unsere schweizerische Neutralit\u00e4t. Es gibt viele M\u00f6glichkeiten, diese Werte zu verteidigen. Es beginnt mit ihrer Nutzung und dem Einstehen daf\u00fcr im t\u00e4glichen Leben. Und im schlimmsten Fall m\u00fcssen wir bereit sein, sie mit Waffengewalt zu verteidigen. Daf\u00fcr brauchen wir eine Armee, die besser ist, als die \u00fcbrigen. Sp\u00e4testens hier endet leider die Begeisterung von Frau Gisiger und ihre linken Freundinnen und Freunden f\u00fcr Winston Churchill.<\/p>\n\n<div class=\"twitter-share\"><a href=\"https:\/\/twitter.com\/intent\/tweet?via=zac1967\" class=\"twitter-share-button\" data-size=\"large\">Twittern<\/a><\/div>\n","protected":false},"excerpt":{"rendered":"<p>Im Rahmen des soeben zu Ende gegangenen Z\u00fcrcher Filmfestivals wurde auch der Film \u201eD\u00fcrrenmatt \u2013 Eine Liebesgeschichte\u201c von Sabine Gisiger gezeigt. Das Publikum, das sich an jenem Abend vornehmlich aus Politikern und Menschen aus der Filmbranche zusammensetzte, war entz\u00fcckt \u00fcber die kurze Einleitung der Z\u00fcrcher Dokfilmerin. Nicht nur, weil nach dem Standardreferat der Stadtpr\u00e4sidentin alles &hellip; <a href=\"https:\/\/www.zanetti.ch\/?p=696\" class=\"more-link\"><span class=\"screen-reader-text\">Nicht die Subvention macht die Kultur<\/span> weiterlesen <span class=\"meta-nav\">&rarr;<\/span><\/a><\/p>\n","protected":false},"author":1,"featured_media":0,"comment_status":"open","ping_status":"open","sticky":false,"template":"","format":"standard","meta":{"_exactmetrics_skip_tracking":false,"_exactmetrics_sitenote_active":false,"_exactmetrics_sitenote_note":"","_exactmetrics_sitenote_category":0,"jetpack_post_was_ever_published":false,"_jetpack_newsletter_access":"","_jetpack_dont_email_post_to_subs":false,"_jetpack_newsletter_tier_id":0,"_jetpack_memberships_contains_paywalled_content":false,"_jetpack_memberships_contains_paid_content":false,"footnotes":"","jetpack_publicize_message":"","jetpack_publicize_feature_enabled":true,"jetpack_social_post_already_shared":false,"jetpack_social_options":{"image_generator_settings":{"template":"highway","default_image_id":0,"font":"","enabled":false},"version":2}},"categories":[10,197],"tags":[165,205,202,201,198,200,204,203,199],"class_list":["post-696","post","type-post","status-publish","format-standard","hentry","category-islamisierung","category-kultur","tag-armee","tag-clash-of-civilizations","tag-is","tag-islam","tag-kultur","tag-obama","tag-rassismus","tag-terror","tag-winston-churchill"],"jetpack_publicize_connections":[],"jetpack_featured_media_url":"","jetpack_sharing_enabled":true,"jetpack_shortlink":"https:\/\/wp.me\/p6ORi5-be","_links":{"self":[{"href":"https:\/\/www.zanetti.ch\/index.php?rest_route=\/wp\/v2\/posts\/696","targetHints":{"allow":["GET"]}}],"collection":[{"href":"https:\/\/www.zanetti.ch\/index.php?rest_route=\/wp\/v2\/posts"}],"about":[{"href":"https:\/\/www.zanetti.ch\/index.php?rest_route=\/wp\/v2\/types\/post"}],"author":[{"embeddable":true,"href":"https:\/\/www.zanetti.ch\/index.php?rest_route=\/wp\/v2\/users\/1"}],"replies":[{"embeddable":true,"href":"https:\/\/www.zanetti.ch\/index.php?rest_route=%2Fwp%2Fv2%2Fcomments&post=696"}],"version-history":[{"count":5,"href":"https:\/\/www.zanetti.ch\/index.php?rest_route=\/wp\/v2\/posts\/696\/revisions"}],"predecessor-version":[{"id":714,"href":"https:\/\/www.zanetti.ch\/index.php?rest_route=\/wp\/v2\/posts\/696\/revisions\/714"}],"wp:attachment":[{"href":"https:\/\/www.zanetti.ch\/index.php?rest_route=%2Fwp%2Fv2%2Fmedia&parent=696"}],"wp:term":[{"taxonomy":"category","embeddable":true,"href":"https:\/\/www.zanetti.ch\/index.php?rest_route=%2Fwp%2Fv2%2Fcategories&post=696"},{"taxonomy":"post_tag","embeddable":true,"href":"https:\/\/www.zanetti.ch\/index.php?rest_route=%2Fwp%2Fv2%2Ftags&post=696"}],"curies":[{"name":"wp","href":"https:\/\/api.w.org\/{rel}","templated":true}]}}