{"id":724,"date":"2015-10-12T08:52:52","date_gmt":"2015-10-12T06:52:52","guid":{"rendered":"http:\/\/www.zanetti.ch\/?p=724"},"modified":"2016-08-16T12:42:13","modified_gmt":"2016-08-16T10:42:13","slug":"eine-laeppische-und-ueberfluessige-machtdemonstration","status":"publish","type":"post","link":"https:\/\/www.zanetti.ch\/?p=724","title":{"rendered":"Eine l\u00e4ppische und \u00fcberfl\u00fcssige Machtdemonstration"},"content":{"rendered":"<p>\u00abKein freier Mensch verh\u00fcllt sein Gesicht\u00bb, behaupten die V\u00e4ter der <a href=\"http:\/\/www.verhuellungsverbot.ch\/\" target=\"_blank\">\u00abVerh\u00fcllungsverbots-Initiative\u00bb<\/a>. Man m\u00f6chte sie fragen: \u00abWarum verh\u00fcllt Ihr als freie Menschen dann Eure wahren politischen Absichten?\u00bb. Immerhin fehlt im Initiativtext jeder Hinweis auf den Islam oder Muslime, obwohl klar ist, wer Adressat ist. Fehlt es den Initianten an F\u00fcdli?<!--more--><\/p>\n<p>Vermummungsverbote kennen wir in der Schweiz schon lange. Im Kanton Z\u00fcrich wird beispielsweise mit Busse bestraft, wer sich bei \u201ebewilligungspflichtigen Versammlungen, Demonstrationen und sonstigen Menschenansammlungen auf \u00f6ffentlichem Grund unkenntlich macht\u201c. Das Verbot erwies sich in der Praxis allerdings als Flop. Die bundesweite Einf\u00fchrung wurde vor zwei Jahren vom St\u00e4nderat deutlich abgelehnt.<\/p>\n<p>Nun will also eine Gruppe von \u201eFreiheitsfreunden\u201c 100\u2018000 Unterschriften sammeln, nur um ein neues Verbot aufzustellen. Eine Kleidervorschrift! F\u00fcr eine kleine Minderheit! So etwas ist eines Landes, das zu Recht stolz ist auf seine \u00fcber Jahrhunderte erstrittene Freiheit, unw\u00fcrdig. Niemand wird \u201efrei bleiben!\u201c, indem er anderen Menschen Freiheit abspricht. Im \u00dcbrigen l\u00e4sst sich Freiheit nicht aufzwingen. Wie heisst es so sch\u00f6n in der Pr\u00e4ambel unserer Bundesverfassung? \u2013 <em>\u201e\u2026 gewiss, dass frei nur ist, wer seine Freiheit gebraucht.\u201c<\/em><\/p>\n<p>Wer Freiheit wirklich liebt, darf, ja er muss sogar klar machen, dass die Freiheit des Anderen nicht weiter geht und nicht wichtiger ist, als die eigene. Rechtsgleichheit ist das Fundament unserer Rechtsordnung und nicht verhandelbar. Nichts zu r\u00fctteln gibt es auch an der Tatsache, dass hierzulande unsere Regeln gelten. Selbst, wenn wir festlegen sollten, dass V\u00f6lkerrecht immer Vorrang hat, w\u00e4re das immer noch unsere Regel, die wir als souver\u00e4ner Staat aufstellen. Wer hier leben will, hat dies nach unseren Gesetzen zu tun. Wem unsere Freiheiten nicht passen, und wer sich nicht damit abfinden kann, dass hier auch \u00fcber Mohammed Witze gemacht werden, soll gehen. Unsere Freiheitsrechte der Aufkl\u00e4rung stehen nicht zur Disposition. Sie durchzusetzen, ist Raison d\u2019\u00eatre des Staates. Daf\u00fcr hat er das Gewaltmonopol und letztlich die Armee.<\/p>\n<p>Welches Ziel soll mit der Initiative erreicht werden? Der Islamisierung Grenzen aufzeigen? Diente dazu nicht bereits die Minarett-Verbotsinitiative? Brachte diese etwa nicht den gew\u00fcnschten Erfolg? Was wird kommen, wenn auch das Verh\u00fcllungsverbot bloss Symbol bleibt? Kommt dann ein Verbot, Teppiche nach S\u00fcdosten auszurichten?<\/p>\n<p>In den Texten des \u201eAktionskomitees\u201c ist die Rede vom muslimischen Terror und vom IS. Glaubt tats\u00e4chlich jemand, die Barbaren werden aufh\u00f6ren, ihre Opfer vor laufender Kamera zu k\u00f6pfen und Kulturg\u00fcter zu zerst\u00f6ren, wenn wir den Angeh\u00f6rigen ihrer Religion verbieten, sich zu kleiden, wie sie wollen? Frankreich hat ein solches Verbot. Frankreich hatte auch das Charlie Hebdo-Massaker.<\/p>\n<p>Auch Gleichberechtigung sei dem Komitee ein Anliegen. Gewiss steht es damit im Islam nicht zum Besten. Doch, wie das Wort sagt, es geht um gleiche Rechte, nicht um Verbote. Nat\u00fcrlich kommt es vor, dass Frauen von ihren M\u00e4nnern gezwungen werden, sich in der \u00d6ffentlichkeit zu verh\u00fcllen. Das ist N\u00f6tigung und strafbar. Wir brauchen daher nicht neue Gesetze, sondern Richter, die zu richten wissen.<\/p>\n<p>Auf die Einhaltung unserer Rechtsordnung pochen, ist das Eine. Etwas vollkommen anderes und Ausdruck einer unsympathischen Herr-im-Haus-Haltung ist es hingegen, schikan\u00f6se Bestimmungen zu erlassen \u2013 nur, weil man es kann. Ein guter Hausherr braucht nicht autorit\u00e4r aufzutreten. Er ist wegen seiner Pers\u00f6nlichkeit eine Autorit\u00e4t.<\/p>\n<p>Wer, wie ich, unsere westliche Zivilisation, die unter anderem den Rechtsstaat und wundervolle kulturelle Werke hervorbrachte, f\u00fcr \u00fcberlegen h\u00e4lt, weil sie dem Einzelnen in seinem Streben nach Gl\u00fcck den gr\u00f6sstm\u00f6glichen Freiraum gew\u00e4hrt, der weiss, dass unsere Kraft nicht in der l\u00e4ppischen Demonstration von Macht liegt, sondern im \u00dcberzeugen als Vorbild.<\/p>\n<p>________________<\/p>\n<p>Erschienen im <a href=\"http:\/\/www.tagesanzeiger.ch\/\" target=\"_blank\">Tages-Anzeiger<\/a> vom 12. Oktober 2015.<\/p>\n\n<div class=\"twitter-share\"><a href=\"https:\/\/twitter.com\/intent\/tweet?via=zac1967\" class=\"twitter-share-button\" data-size=\"large\">Twittern<\/a><\/div>\n","protected":false},"excerpt":{"rendered":"<p>\u00abKein freier Mensch verh\u00fcllt sein Gesicht\u00bb, behaupten die V\u00e4ter der \u00abVerh\u00fcllungsverbots-Initiative\u00bb. Man m\u00f6chte sie fragen: \u00abWarum verh\u00fcllt Ihr als freie Menschen dann Eure wahren politischen Absichten?\u00bb. Immerhin fehlt im Initiativtext jeder Hinweis auf den Islam oder Muslime, obwohl klar ist, wer Adressat ist. Fehlt es den Initianten an F\u00fcdli?<\/p>\n","protected":false},"author":1,"featured_media":0,"comment_status":"open","ping_status":"open","sticky":false,"template":"","format":"standard","meta":{"_exactmetrics_skip_tracking":false,"_exactmetrics_sitenote_active":false,"_exactmetrics_sitenote_note":"","_exactmetrics_sitenote_category":0,"jetpack_post_was_ever_published":false,"_jetpack_newsletter_access":"","_jetpack_dont_email_post_to_subs":false,"_jetpack_newsletter_tier_id":0,"_jetpack_memberships_contains_paywalled_content":false,"_jetpack_memberships_contains_paid_content":false,"footnotes":"","jetpack_publicize_message":"","jetpack_publicize_feature_enabled":true,"jetpack_social_post_already_shared":true,"jetpack_social_options":{"image_generator_settings":{"template":"highway","default_image_id":0,"font":"","enabled":false},"version":2}},"categories":[226,10,9,5],"tags":[228,23,145,201,402,231,233,227,234,232,229,230],"class_list":["post-724","post","type-post","status-publish","format-standard","hentry","category-freiheit","category-islamisierung","category-rechtsstaat","category-staat-und-demokratie","tag-burka-verbot","tag-freiheit","tag-gewaltmonopol","tag-islam","tag-islamisierung","tag-machtdemonstaration","tag-minarett","tag-muslime","tag-recht","tag-verbot","tag-verhuellungsverbot","tag-volksinitiative"],"jetpack_publicize_connections":[],"jetpack_featured_media_url":"","jetpack_sharing_enabled":true,"jetpack_shortlink":"https:\/\/wp.me\/p6ORi5-bG","_links":{"self":[{"href":"https:\/\/www.zanetti.ch\/index.php?rest_route=\/wp\/v2\/posts\/724","targetHints":{"allow":["GET"]}}],"collection":[{"href":"https:\/\/www.zanetti.ch\/index.php?rest_route=\/wp\/v2\/posts"}],"about":[{"href":"https:\/\/www.zanetti.ch\/index.php?rest_route=\/wp\/v2\/types\/post"}],"author":[{"embeddable":true,"href":"https:\/\/www.zanetti.ch\/index.php?rest_route=\/wp\/v2\/users\/1"}],"replies":[{"embeddable":true,"href":"https:\/\/www.zanetti.ch\/index.php?rest_route=%2Fwp%2Fv2%2Fcomments&post=724"}],"version-history":[{"count":1,"href":"https:\/\/www.zanetti.ch\/index.php?rest_route=\/wp\/v2\/posts\/724\/revisions"}],"predecessor-version":[{"id":725,"href":"https:\/\/www.zanetti.ch\/index.php?rest_route=\/wp\/v2\/posts\/724\/revisions\/725"}],"wp:attachment":[{"href":"https:\/\/www.zanetti.ch\/index.php?rest_route=%2Fwp%2Fv2%2Fmedia&parent=724"}],"wp:term":[{"taxonomy":"category","embeddable":true,"href":"https:\/\/www.zanetti.ch\/index.php?rest_route=%2Fwp%2Fv2%2Fcategories&post=724"},{"taxonomy":"post_tag","embeddable":true,"href":"https:\/\/www.zanetti.ch\/index.php?rest_route=%2Fwp%2Fv2%2Ftags&post=724"}],"curies":[{"name":"wp","href":"https:\/\/api.w.org\/{rel}","templated":true}]}}